{"id":2904,"date":"2022-02-08T13:09:44","date_gmt":"2022-02-08T12:09:44","guid":{"rendered":"https:\/\/www.analisisgerencial.cat\/boletin-noticias-ags-octubre-2021\/"},"modified":"2025-05-05T12:16:17","modified_gmt":"2025-05-05T10:16:17","slug":"boletin-noticias-ags-octubre-2021","status":"publish","type":"post","link":"https:\/\/www.analisisgerencial.cat\/es\/boletin-noticias-ags-octubre-2021\/","title":{"rendered":"Bolet\u00edn Noticias AGS Octubre 2021"},"content":{"rendered":"<h2>NUEVA LIMITACI\u00d3N A LOS PAGOS EN EFECTIVO<\/h2>\n<p>El pasado <b>11 de julio de 2021 entr\u00f3 en vigor la reducci\u00f3n del l\u00edmite aplicable sobre los pagos en efectivo<\/b> entre empresarios y\/o profesionales. Y entre empresarios y\/o profesionales y personas<br \/>\nf\u00edsicas. Esta nueva norma tambi\u00e9n es aplicable para aquellas operaciones que hayan sido concertadas con anterioridad a esta fecha, y cuyo pago se vaya a realizar con posterioridad a la misma.<\/p>\n<p>Recordamos que, con la finalidad de reducir el fraude fiscal, desde hace unos a\u00f1os est\u00e1n prohibidos los pagos en efectivo (en met\u00e1lico, cheque bancario al portador o cualquier otro medio de pago al portador) iguales o superiores a los siguientes importes:<\/p>\n<ul>\n<li style=\"list-style: none;\">&#8211; 2.500\u20ac en caso de operaciones en las que una de las partes act\u00fae como empresario o profesional.<\/li>\n<li style=\"list-style: none;\">&#8211; 15.000\u20ac cuando el vendedor sea un empresario y el pagador un particular no residente en Espa\u00f1a. Para que sea aplicable este l\u00edmite m\u00e1s elevado, el vendedor espa\u00f1ol debe conservar pruebas que acrediten que el comprador era un no residente (por ejemplo, una fotocopia del pasaporte o del certificado de residencia fiscal en otro pa\u00eds).<\/li>\n<\/ul>\n<p>No quedan afectados por esta prohibici\u00f3n, por tanto, los pagos mediante cheque nominativo, tarjeta de d\u00e9bito o cr\u00e9dito, transferencia bancaria, ni tampoco las operaciones realizadas entre particulares.<\/p>\n<p>La entrada en vigor de nuevo r\u00e9gimen fiscal ha reducido estos l\u00edmites a:<\/p>\n<ul>\n<li style=\"list-style: none;\"><b>&#8211; 1.000\u20ac en caso de operaciones en las que una de las partes act\u00fae como empresario o profesional.<\/b><\/li>\n<li style=\"list-style: none;\"><b>&#8211; 10.000\u20ac cuando el vendedor sea un empresario y el pagador un particular no residente en Espa\u00f1a.<\/b>  Para que sea aplicable este l\u00edmite m\u00e1s elevado, el vendedor espa\u00f1ol debe conservar pruebas que acrediten que el comprador era un no residente (por ejemplo, una fotocopia del pasaporte o del certificado de residencia fiscal en otro pa\u00eds).<\/li>\n<\/ul>\n<p>Asimismo, el nuevo r\u00e9gimen establece una nueva reducci\u00f3n del 50% sobre las sanciones que se abonen y no se recurran.<\/p>\n<p>Hasta ahora, la multa por incumplir esta prohibici\u00f3n sigue siendo del 25% del importe pagado en efectivo y el plazo de prescripci\u00f3n del derecho de Hacienda para sancionar sigue siendo de cinco a\u00f1os a contar desde la fecha de pago (en lugar del plazo general de cuatro a\u00f1os), por lo que las partes que hayan intervenido en una operaci\u00f3n deben conservar durante al menos cinco a\u00f1os los documentos que acrediten que los pagos se realizaron por medios diferentes al efectivo.<\/p>\n<p>Con el objetivo de incentivar la conformidad con las sanciones indicadas y su pago es de aplicaci\u00f3n una reducci\u00f3n del 50% siempre que, en cualquier momento anterior a la notificaci\u00f3n de la resoluci\u00f3n definitiva, se abone la sanci\u00f3n (con la reducci\u00f3n) y no se presenten alegaciones ni recursos.<\/p>\n<p>\u00a1Atenci\u00f3n! Esta reducci\u00f3n es incompatible con el resto de las reducciones aplicables sobre las sanciones.<\/p>\n<p>Junto a esta reducci\u00f3n se ha aprobado tambi\u00e9n, un r\u00e9gimen transitorio para aquellas sanciones exigidas antes del 11 de julio del 2021 siempre que no hayan sido recurridas o que se encuentren pendientes de resoluci\u00f3n por parte de la AEAT.<\/p>\n<h2>AUT\u00d3NOMOS SOCIETARIOS Y JUBILACI\u00d3N ACTIVA<\/h2>\n<p>Una reciente sentencia del Tribunal Supremo (TS 27\/03\/2021) considera que los aut\u00f3nomos societarios acogidos a la jubilaci\u00f3n activa, solo pueden compatibilizar su trabajo con el cobro del 50% de la pensi\u00f3n, y no con el cobro del 100%.<\/p>\n<p>Recordemos que el cobro del 100% de la pensi\u00f3n es aplicable cuando se tiene un trabajador contratado, y solo afecta a los aut\u00f3nomos que desarrollan su actividad como personas f\u00edsicas.<\/p>\n<p>El Tribunal Supremo considera que el aut\u00f3nomo societario no re\u00fane el requisito de tener contratado un trabajador ya que la condici\u00f3n de empleador la ostenta la sociedad.<\/p>\n<p>Por lo tanto,  <b>el aut\u00f3nomo societario en jubilaci\u00f3n activa no podr\u00e1 cobrar el 100% de la pensi\u00f3n. Solo tendr\u00e1 derecho a cobrar el 50% de la pensi\u00f3n.<\/b><\/p>\n<h2>PROPIETARIOS DE VIVIENDAS ALQUILADAS<\/h2>\n<p>Los propietarios de viviendas arrendadas destinadas a vivienda habitual por parte del arrendatario, tienen derecho a una reducci\u00f3n del 60% en su IRPF.<\/p>\n<p>Pues bien, la norma ha cambiado y no permitir\u00e1 aplicar esta reducci\u00f3n cuando los rendimientos no hayan sido declarados en t\u00e9rmino, es decir, cuando no se hayan declarado en su declaraci\u00f3n de IRPF anual, antes del 30 de junio.<\/p>\n<p><u>Ejemplo<\/u><\/p>\n<p>Si usted no ha declarado los ingresos de alquiler de una vivienda arrendada y Hacienda inicia una comprobaci\u00f3n (verificaci\u00f3n de datos, comprobaci\u00f3n limitada o inspecci\u00f3n) y lo detecta, o bien presenta usted una declaraci\u00f3n complementaria para informar de dichos ingresos, no podremos aplicarle la reducci\u00f3n del 60% en dicha liquidaci\u00f3n ni Hacienda se lo aplicar\u00e1 en el c\u00e1lculo de la declaraci\u00f3n paralela que le realizar\u00e1,  como si ocurr\u00eda hasta la fecha.<\/p>\n<p>Esta norma afecta a los ingresos no declarados a partir del IRPF de 2021. Las declaraciones de los a\u00f1os 2020 y anteriores no se ven afectadas. Aunque Hacienda inicie ahora una comprobaci\u00f3n de alguno de esos ejercicios, si el arrendador presenta una autoliquidaci\u00f3n complementaria o comunica a Hacienda los rendimientos netos obtenidos, \u00e9sta deber\u00e1 aplicar la reducci\u00f3n en su regularizaci\u00f3n.<\/p>\n<p>As\u00ed pues, <b>si obtiene ingresos por viviendas arrendadas, no olvide informarnos a su debido tiempo, antes de la presentaci\u00f3n de su declaraci\u00f3n anual de IRPF.<\/b><\/p>\n<h2>POLITICA DE ESCRITORIOS LIMPIOS<\/h2>\n<p>Como empresario, y en el ejercicio de su poder de direcci\u00f3n, puede establecer unas reglas de orden en los escritorios de sus empleados, especialmente de aquellos que realizan trabajos de administraci\u00f3n y recepci\u00f3n.<\/p>\n<p>Incorpore una pol\u00edtica de \u00abescritorios o puestos de trabajo limpios\u00bb a trav\u00e9s de una nota o formulario, donde haga constar la entrada en vigor de dicha pol\u00edtica y los requisitos de la misma. Por ejemplo:<\/p>\n<p><i>\u00abAl t\u00e9rmino de cada jornada laboral o antes de ausencias prolongadas del puesto de trabajo:<\/i><\/p>\n<ul>\n<li style=\"list-style: disc;\">Ordenadores, dispositivos m\u00f3viles, tabletas y cualesquiera otros dispositivos que pudieran almacenar informaci\u00f3n deber\u00e1n quedar debidamente asegurados: bloqueo de sesiones, candados de fijaci\u00f3n de ordenadores, casilleros o cajones cerrados con llave&#8230; Cada usuario ser\u00e1 responsable del buen uso y custodia de los dispositivos asignados.<\/li>\n<li style=\"list-style: disc;\">Toda la informaci\u00f3n confidencial deber\u00e1 ser retirada de mesas y escritorios y puesta en lugar seguro y con acceso controlado: armarios, cajones y casilleros<br \/>\ncerrados bajo llave.<\/li>\n<li style=\"list-style: disc;\">Se destruir\u00e1 cualquier informaci\u00f3n confidencial en papel que no fuera necesario mantener, utilizando las trituradoras de papel existentes en las oficinas de la<br \/>\nempresa.<\/li>\n<li style=\"list-style: disc;\">Cuando se trabaje desde salas de reuniones o puestos de trabajo que no est\u00e9n permanentemente asignados se deben retirar cualesquiera objetos, enseres o documentos al t\u00e9rmino de la jornada, independientemente de que dicha informaci\u00f3n sea o no confidencial. Incluso cuando el trabajador tuviera reservado ese mismo espacio de trabajo para el d\u00eda siguiente.<\/li>\n<\/ul>\n<p>El seguimiento de estas obligaciones ser\u00e1 exhaustivo y su incumplimiento por causas no debidamente justificadas conllevar\u00e1 la aplicaci\u00f3n de medidas de apercibimiento y sancionadoras conforme a la regulaci\u00f3n laboral vigente.\u00bb<\/p>\n<h2>TRASPASOS DE NEGOCIO<\/h2>\n<p>Cuando se produce el traspaso de un negocio, por ejemplo, de una cl\u00ednica dental, pueden surgir dudas entre los empleados sobre si, a efectos fiscales, se considera que existe un nuevo pagador, ya que ello afecta a su obligaci\u00f3n de presentar la declaraci\u00f3n del IRPF.<\/p>\n<p>Recuerde que cuando un contribuyente percibe rendimientos del trabajo de dos o m\u00e1s pagadores, se reduce el l\u00edmite por el que existe obligaci\u00f3n de declarar, l\u00edmite que, en general, pasa de 22.000\u20ac a 14.000\u20ac.<\/p>\n<p>Pues bien, dado que el traspaso supone una subrogaci\u00f3n del nuevo empresario en la posici\u00f3n del anterior, no se considera que haya dos pagadores, sino uno solo. Todo ello, con independencia de que el nuevo titular del negocio regularice las retenciones que estaba practicando el anterior titular (por ejemplo, porque detecta que se estaban practicando incorrectamente).<\/p>\n<p><b>El cambio de titularidad de un negocio no implica la existencia de dos pagadores.<\/b><\/p>\n<h2>VALORACI\u00d3N DE BIENES INMUEBLES<\/h2>\n<p>Desde el pasado  <b>11 de junio de 2021 la forma de valorar los bienes inmuebles a efectos del ITP y del ISD ha cambiado.<\/b><\/p>\n<p>Hasta ahora, al valorar los bienes inmuebles transmitidos en el ITP y el ISD se tomaba como referencia su valor real. No obstante, dada su falta de concreci\u00f3n, dicho concepto ha sido el origen de infinidad de litigios entre los contribuyentes y la AEAT.<\/p>\n<p>Se introduce el <b><br \/>\n  <i>valor de referencia<\/i><br \/>\n<\/b>, de forma que la base imponible se calcular\u00e1 por el mayor de entre dicho valor de referencia, el valor declarado (en ITP o ISD) y el precio pactado (en ITP).<\/p>\n<p>El valor de referencia ser\u00e1 calculado cada a\u00f1o por la Direcci\u00f3n General del Catastro a partir de las compraventas de inmuebles realizadas ante fedatario p\u00fablico:<\/p>\n<ul>\n<li style=\"list-style: disc;\">A finales de 2021 se publicar\u00e1n los valores de referencia aplicables en 2022.<\/li>\n<li style=\"list-style: disc;\">En lo que resta de 2021 todav\u00eda no existir\u00e1n valores de referencia, por lo que se ha establecido que, en las transmisiones de inmuebles realizadas entre el 11 de julio y el 31 de diciembre de 2021, al calcular la base imponible deber\u00e1 tomarse el mayor entre el valor de mercado, el valor declarado o la contraprestaci\u00f3n pactada.<\/li>\n<\/ul>\n<p>Este valor pretende reflejar una cifra cercana pero inferior al valor de mercado. En principio, en la inmensa mayor\u00eda de los casos ser\u00e1 superior al valor catastral -que sigue existiendo y se aplica a otros impuestos-, y servir\u00e1 para calcular la base imponible del ITP o del ISD, salvo que el contribuyente declare un valor superior o que el precio pactado en Transmisiones sea superior, en cuyos casos se aplicar\u00e1 el valor superior.<\/p>\n","protected":false},"excerpt":{"rendered":"<p>NUEVA LIMITACI\u00d3N A LOS PAGOS EN EFECTIVO El pasado 11 de julio de 2021 entr\u00f3 en vigor la reducci\u00f3n del l\u00edmite aplicable sobre los pagos en efectivo entre empresarios y\/o profesionales. Y entre empresarios y\/o profesionales y personas f\u00edsicas. Esta nueva norma tambi\u00e9n es aplicable para aquellas operaciones que hayan sido concertadas con anterioridad a [&hellip;]<\/p>\n","protected":false},"author":1,"featured_media":0,"comment_status":"closed","ping_status":"open","sticky":false,"template":"","format":"standard","meta":{"footnotes":""},"categories":[18,19],"tags":[],"class_list":["post-2904","post","type-post","status-publish","format-standard","hentry","category-ags-servicio","category-destacadas-es"],"yoast_head":"<!-- This site is optimized with the Yoast SEO plugin v27.3 - https:\/\/yoast.com\/product\/yoast-seo-wordpress\/ -->\n<title>Bolet\u00edn Noticias AGS Octubre 2021 &#8212; An\u00e0lisis Gerencial i de Serveis<\/title>\n<meta name=\"robots\" content=\"index, follow, max-snippet:-1, max-image-preview:large, max-video-preview:-1\" \/>\n<link rel=\"canonical\" href=\"https:\/\/www.analisisgerencial.cat\/es\/boletin-noticias-ags-octubre-2021\/\" \/>\n<meta property=\"og:locale\" content=\"es_ES\" \/>\n<meta property=\"og:type\" content=\"article\" \/>\n<meta property=\"og:title\" content=\"Bolet\u00edn Noticias AGS Octubre 2021 &#8212; An\u00e0lisis Gerencial i de Serveis\" \/>\n<meta property=\"og:description\" content=\"NUEVA LIMITACI\u00d3N A LOS PAGOS EN EFECTIVO El pasado 11 de julio de 2021 entr\u00f3 en vigor la reducci\u00f3n del l\u00edmite aplicable sobre los pagos en efectivo entre empresarios y\/o profesionales. Y entre empresarios y\/o profesionales y personas f\u00edsicas. Esta nueva norma tambi\u00e9n es aplicable para aquellas operaciones que hayan sido concertadas con anterioridad a [&hellip;]\" \/>\n<meta property=\"og:url\" content=\"https:\/\/www.analisisgerencial.cat\/es\/boletin-noticias-ags-octubre-2021\/\" \/>\n<meta property=\"og:site_name\" content=\"An\u00e0lisis Gerencial i de Serveis\" \/>\n<meta property=\"article:published_time\" content=\"2022-02-08T12:09:44+00:00\" \/>\n<meta property=\"article:modified_time\" content=\"2025-05-05T10:16:17+00:00\" \/>\n<meta property=\"og:image\" content=\"https:\/\/www.analisisgerencial.cat\/wp-content\/uploads\/2024\/03\/consultoria-ags.jpg\" \/>\n\t<meta property=\"og:image:width\" content=\"1200\" \/>\n\t<meta property=\"og:image:height\" content=\"800\" \/>\n\t<meta property=\"og:image:type\" content=\"image\/jpeg\" \/>\n<meta name=\"author\" content=\"admin\" \/>\n<meta name=\"twitter:card\" content=\"summary_large_image\" \/>\n<meta name=\"twitter:label1\" content=\"Escrito por\" \/>\n\t<meta name=\"twitter:data1\" content=\"admin\" \/>\n\t<meta name=\"twitter:label2\" content=\"Tiempo de lectura\" \/>\n\t<meta name=\"twitter:data2\" content=\"8 minutos\" \/>\n<script type=\"application\/ld+json\" class=\"yoast-schema-graph\">{\"@context\":\"https:\\\/\\\/schema.org\",\"@graph\":[{\"@type\":\"Article\",\"@id\":\"https:\\\/\\\/www.analisisgerencial.cat\\\/es\\\/boletin-noticias-ags-octubre-2021\\\/#article\",\"isPartOf\":{\"@id\":\"https:\\\/\\\/www.analisisgerencial.cat\\\/es\\\/boletin-noticias-ags-octubre-2021\\\/\"},\"author\":{\"name\":\"admin\",\"@id\":\"https:\\\/\\\/www.analisisgerencial.cat\\\/es\\\/#\\\/schema\\\/person\\\/7c5dd05dac6fdfaa55c0d04171805af6\"},\"headline\":\"Bolet\u00edn Noticias AGS Octubre 2021\",\"datePublished\":\"2022-02-08T12:09:44+00:00\",\"dateModified\":\"2025-05-05T10:16:17+00:00\",\"mainEntityOfPage\":{\"@id\":\"https:\\\/\\\/www.analisisgerencial.cat\\\/es\\\/boletin-noticias-ags-octubre-2021\\\/\"},\"wordCount\":1636,\"publisher\":{\"@id\":\"https:\\\/\\\/www.analisisgerencial.cat\\\/es\\\/#organization\"},\"articleSection\":[\"AGS Servicio\",\"Destacadas\"],\"inLanguage\":\"es\"},{\"@type\":\"WebPage\",\"@id\":\"https:\\\/\\\/www.analisisgerencial.cat\\\/es\\\/boletin-noticias-ags-octubre-2021\\\/\",\"url\":\"https:\\\/\\\/www.analisisgerencial.cat\\\/es\\\/boletin-noticias-ags-octubre-2021\\\/\",\"name\":\"Bolet\u00edn Noticias AGS Octubre 2021 &#8212; An\u00e0lisis Gerencial i de Serveis\",\"isPartOf\":{\"@id\":\"https:\\\/\\\/www.analisisgerencial.cat\\\/es\\\/#website\"},\"datePublished\":\"2022-02-08T12:09:44+00:00\",\"dateModified\":\"2025-05-05T10:16:17+00:00\",\"breadcrumb\":{\"@id\":\"https:\\\/\\\/www.analisisgerencial.cat\\\/es\\\/boletin-noticias-ags-octubre-2021\\\/#breadcrumb\"},\"inLanguage\":\"es\",\"potentialAction\":[{\"@type\":\"ReadAction\",\"target\":[\"https:\\\/\\\/www.analisisgerencial.cat\\\/es\\\/boletin-noticias-ags-octubre-2021\\\/\"]}]},{\"@type\":\"BreadcrumbList\",\"@id\":\"https:\\\/\\\/www.analisisgerencial.cat\\\/es\\\/boletin-noticias-ags-octubre-2021\\\/#breadcrumb\",\"itemListElement\":[{\"@type\":\"ListItem\",\"position\":1,\"name\":\"Inici\",\"item\":\"https:\\\/\\\/www.analisisgerencial.cat\\\/es\\\/home\\\/\"},{\"@type\":\"ListItem\",\"position\":2,\"name\":\"Bolet\u00edn Noticias AGS Octubre 2021\"}]},{\"@type\":\"WebSite\",\"@id\":\"https:\\\/\\\/www.analisisgerencial.cat\\\/es\\\/#website\",\"url\":\"https:\\\/\\\/www.analisisgerencial.cat\\\/es\\\/\",\"name\":\"An\u00e1lisis Gerencial\",\"description\":\"Assessoria Fiscal, Laboral i Comptable\",\"publisher\":{\"@id\":\"https:\\\/\\\/www.analisisgerencial.cat\\\/es\\\/#organization\"},\"alternateName\":\"AGS Servei\",\"potentialAction\":[{\"@type\":\"SearchAction\",\"target\":{\"@type\":\"EntryPoint\",\"urlTemplate\":\"https:\\\/\\\/www.analisisgerencial.cat\\\/es\\\/?s={search_term_string}\"},\"query-input\":{\"@type\":\"PropertyValueSpecification\",\"valueRequired\":true,\"valueName\":\"search_term_string\"}}],\"inLanguage\":\"es\"},{\"@type\":\"Organization\",\"@id\":\"https:\\\/\\\/www.analisisgerencial.cat\\\/es\\\/#organization\",\"name\":\"An\u00e1lisis Gerencial\",\"alternateName\":\"AGS Servei\",\"url\":\"https:\\\/\\\/www.analisisgerencial.cat\\\/es\\\/\",\"logo\":{\"@type\":\"ImageObject\",\"inLanguage\":\"es\",\"@id\":\"https:\\\/\\\/www.analisisgerencial.cat\\\/es\\\/#\\\/schema\\\/logo\\\/image\\\/\",\"url\":\"https:\\\/\\\/www.analisisgerencial.cat\\\/wp-content\\\/uploads\\\/2023\\\/12\\\/Logo-AGS.png\",\"contentUrl\":\"https:\\\/\\\/www.analisisgerencial.cat\\\/wp-content\\\/uploads\\\/2023\\\/12\\\/Logo-AGS.png\",\"width\":1575,\"height\":531,\"caption\":\"An\u00e1lisis Gerencial\"},\"image\":{\"@id\":\"https:\\\/\\\/www.analisisgerencial.cat\\\/es\\\/#\\\/schema\\\/logo\\\/image\\\/\"}},{\"@type\":\"Person\",\"@id\":\"https:\\\/\\\/www.analisisgerencial.cat\\\/es\\\/#\\\/schema\\\/person\\\/7c5dd05dac6fdfaa55c0d04171805af6\",\"name\":\"admin\",\"image\":{\"@type\":\"ImageObject\",\"inLanguage\":\"es\",\"@id\":\"https:\\\/\\\/secure.gravatar.com\\\/avatar\\\/199378a53d8fd332facfa626e26765b3f6735a75e9c056e80bd62b6a88afc8ce?s=96&d=mm&r=g\",\"url\":\"https:\\\/\\\/secure.gravatar.com\\\/avatar\\\/199378a53d8fd332facfa626e26765b3f6735a75e9c056e80bd62b6a88afc8ce?s=96&d=mm&r=g\",\"contentUrl\":\"https:\\\/\\\/secure.gravatar.com\\\/avatar\\\/199378a53d8fd332facfa626e26765b3f6735a75e9c056e80bd62b6a88afc8ce?s=96&d=mm&r=g\",\"caption\":\"admin\"},\"sameAs\":[\"https:\\\/\\\/www.analisisgerencial.cat\"]}]}<\/script>\n<!-- \/ Yoast SEO plugin. -->","yoast_head_json":{"title":"Bolet\u00edn Noticias AGS Octubre 2021 &#8212; An\u00e0lisis Gerencial i de Serveis","robots":{"index":"index","follow":"follow","max-snippet":"max-snippet:-1","max-image-preview":"max-image-preview:large","max-video-preview":"max-video-preview:-1"},"canonical":"https:\/\/www.analisisgerencial.cat\/es\/boletin-noticias-ags-octubre-2021\/","og_locale":"es_ES","og_type":"article","og_title":"Bolet\u00edn Noticias AGS Octubre 2021 &#8212; An\u00e0lisis Gerencial i de Serveis","og_description":"NUEVA LIMITACI\u00d3N A LOS PAGOS EN EFECTIVO El pasado 11 de julio de 2021 entr\u00f3 en vigor la reducci\u00f3n del l\u00edmite aplicable sobre los pagos en efectivo entre empresarios y\/o profesionales. Y entre empresarios y\/o profesionales y personas f\u00edsicas. Esta nueva norma tambi\u00e9n es aplicable para aquellas operaciones que hayan sido concertadas con anterioridad a [&hellip;]","og_url":"https:\/\/www.analisisgerencial.cat\/es\/boletin-noticias-ags-octubre-2021\/","og_site_name":"An\u00e0lisis Gerencial i de Serveis","article_published_time":"2022-02-08T12:09:44+00:00","article_modified_time":"2025-05-05T10:16:17+00:00","og_image":[{"width":1200,"height":800,"url":"https:\/\/www.analisisgerencial.cat\/wp-content\/uploads\/2024\/03\/consultoria-ags.jpg","type":"image\/jpeg"}],"author":"admin","twitter_card":"summary_large_image","twitter_misc":{"Escrito por":"admin","Tiempo de lectura":"8 minutos"},"schema":{"@context":"https:\/\/schema.org","@graph":[{"@type":"Article","@id":"https:\/\/www.analisisgerencial.cat\/es\/boletin-noticias-ags-octubre-2021\/#article","isPartOf":{"@id":"https:\/\/www.analisisgerencial.cat\/es\/boletin-noticias-ags-octubre-2021\/"},"author":{"name":"admin","@id":"https:\/\/www.analisisgerencial.cat\/es\/#\/schema\/person\/7c5dd05dac6fdfaa55c0d04171805af6"},"headline":"Bolet\u00edn Noticias AGS Octubre 2021","datePublished":"2022-02-08T12:09:44+00:00","dateModified":"2025-05-05T10:16:17+00:00","mainEntityOfPage":{"@id":"https:\/\/www.analisisgerencial.cat\/es\/boletin-noticias-ags-octubre-2021\/"},"wordCount":1636,"publisher":{"@id":"https:\/\/www.analisisgerencial.cat\/es\/#organization"},"articleSection":["AGS Servicio","Destacadas"],"inLanguage":"es"},{"@type":"WebPage","@id":"https:\/\/www.analisisgerencial.cat\/es\/boletin-noticias-ags-octubre-2021\/","url":"https:\/\/www.analisisgerencial.cat\/es\/boletin-noticias-ags-octubre-2021\/","name":"Bolet\u00edn Noticias AGS Octubre 2021 &#8212; An\u00e0lisis Gerencial i de Serveis","isPartOf":{"@id":"https:\/\/www.analisisgerencial.cat\/es\/#website"},"datePublished":"2022-02-08T12:09:44+00:00","dateModified":"2025-05-05T10:16:17+00:00","breadcrumb":{"@id":"https:\/\/www.analisisgerencial.cat\/es\/boletin-noticias-ags-octubre-2021\/#breadcrumb"},"inLanguage":"es","potentialAction":[{"@type":"ReadAction","target":["https:\/\/www.analisisgerencial.cat\/es\/boletin-noticias-ags-octubre-2021\/"]}]},{"@type":"BreadcrumbList","@id":"https:\/\/www.analisisgerencial.cat\/es\/boletin-noticias-ags-octubre-2021\/#breadcrumb","itemListElement":[{"@type":"ListItem","position":1,"name":"Inici","item":"https:\/\/www.analisisgerencial.cat\/es\/home\/"},{"@type":"ListItem","position":2,"name":"Bolet\u00edn Noticias AGS Octubre 2021"}]},{"@type":"WebSite","@id":"https:\/\/www.analisisgerencial.cat\/es\/#website","url":"https:\/\/www.analisisgerencial.cat\/es\/","name":"An\u00e1lisis Gerencial","description":"Assessoria Fiscal, Laboral i Comptable","publisher":{"@id":"https:\/\/www.analisisgerencial.cat\/es\/#organization"},"alternateName":"AGS Servei","potentialAction":[{"@type":"SearchAction","target":{"@type":"EntryPoint","urlTemplate":"https:\/\/www.analisisgerencial.cat\/es\/?s={search_term_string}"},"query-input":{"@type":"PropertyValueSpecification","valueRequired":true,"valueName":"search_term_string"}}],"inLanguage":"es"},{"@type":"Organization","@id":"https:\/\/www.analisisgerencial.cat\/es\/#organization","name":"An\u00e1lisis Gerencial","alternateName":"AGS Servei","url":"https:\/\/www.analisisgerencial.cat\/es\/","logo":{"@type":"ImageObject","inLanguage":"es","@id":"https:\/\/www.analisisgerencial.cat\/es\/#\/schema\/logo\/image\/","url":"https:\/\/www.analisisgerencial.cat\/wp-content\/uploads\/2023\/12\/Logo-AGS.png","contentUrl":"https:\/\/www.analisisgerencial.cat\/wp-content\/uploads\/2023\/12\/Logo-AGS.png","width":1575,"height":531,"caption":"An\u00e1lisis Gerencial"},"image":{"@id":"https:\/\/www.analisisgerencial.cat\/es\/#\/schema\/logo\/image\/"}},{"@type":"Person","@id":"https:\/\/www.analisisgerencial.cat\/es\/#\/schema\/person\/7c5dd05dac6fdfaa55c0d04171805af6","name":"admin","image":{"@type":"ImageObject","inLanguage":"es","@id":"https:\/\/secure.gravatar.com\/avatar\/199378a53d8fd332facfa626e26765b3f6735a75e9c056e80bd62b6a88afc8ce?s=96&d=mm&r=g","url":"https:\/\/secure.gravatar.com\/avatar\/199378a53d8fd332facfa626e26765b3f6735a75e9c056e80bd62b6a88afc8ce?s=96&d=mm&r=g","contentUrl":"https:\/\/secure.gravatar.com\/avatar\/199378a53d8fd332facfa626e26765b3f6735a75e9c056e80bd62b6a88afc8ce?s=96&d=mm&r=g","caption":"admin"},"sameAs":["https:\/\/www.analisisgerencial.cat"]}]}},"_links":{"self":[{"href":"https:\/\/www.analisisgerencial.cat\/es\/wp-json\/wp\/v2\/posts\/2904","targetHints":{"allow":["GET"]}}],"collection":[{"href":"https:\/\/www.analisisgerencial.cat\/es\/wp-json\/wp\/v2\/posts"}],"about":[{"href":"https:\/\/www.analisisgerencial.cat\/es\/wp-json\/wp\/v2\/types\/post"}],"author":[{"embeddable":true,"href":"https:\/\/www.analisisgerencial.cat\/es\/wp-json\/wp\/v2\/users\/1"}],"replies":[{"embeddable":true,"href":"https:\/\/www.analisisgerencial.cat\/es\/wp-json\/wp\/v2\/comments?post=2904"}],"version-history":[{"count":0,"href":"https:\/\/www.analisisgerencial.cat\/es\/wp-json\/wp\/v2\/posts\/2904\/revisions"}],"wp:attachment":[{"href":"https:\/\/www.analisisgerencial.cat\/es\/wp-json\/wp\/v2\/media?parent=2904"}],"wp:term":[{"taxonomy":"category","embeddable":true,"href":"https:\/\/www.analisisgerencial.cat\/es\/wp-json\/wp\/v2\/categories?post=2904"},{"taxonomy":"post_tag","embeddable":true,"href":"https:\/\/www.analisisgerencial.cat\/es\/wp-json\/wp\/v2\/tags?post=2904"}],"curies":[{"name":"wp","href":"https:\/\/api.w.org\/{rel}","templated":true}]}}