{"id":2874,"date":"2016-03-18T08:10:09","date_gmt":"2016-03-18T07:10:09","guid":{"rendered":"https:\/\/www.analisisgerencial.cat\/las-sociedades-civiles-privadas-como-les-afecta-la-reforma-fiscal-de-2015\/"},"modified":"2025-05-05T12:16:23","modified_gmt":"2025-05-05T10:16:23","slug":"las-sociedades-civiles-privadas-como-les-afecta-la-reforma-fiscal-de-2015","status":"publish","type":"post","link":"https:\/\/www.analisisgerencial.cat\/es\/las-sociedades-civiles-privadas-como-les-afecta-la-reforma-fiscal-de-2015\/","title":{"rendered":"LAS SOCIEDADES CIVILES PRIVADAS, COMO LES AFECTA LA REFORMA FISCAL DE 2015"},"content":{"rendered":"<div class=\"page\" title=\"Page 1\">\n<div class=\"layoutArea\">\n<div class=\"column\">\n<div class=\"page\" title=\"Page 1\">\n<div class=\"layoutArea\">\n<div class=\"column\">\n<div class=\"page\" title=\"Page 1\">\n<div class=\"layoutArea\">\n<div class=\"column\">\n<div class=\"page\" title=\"Page 1\">\n<div class=\"layoutArea\">\n<div class=\"column\">\n<div class=\"page\" title=\"Page 1\">\n<div class=\"layoutArea\">\n<div class=\"column\">\n<p>Desde que se puso en marcha La reforma fiscal de 2015, que modifica los Impuestos sobre la Renta de las Personas F\u00edsicas y del Impuesto sobre Sociedades, se anunci\u00f3 que las sociedades civiles privadas, pasar\u00edan a tributar por el Impuesto de Sociedades, a partir del 1 de enero de 2016. Este hecho, tal y como hemos ido comentando en art\u00edculos y conferencias anteriores, ha provocado durante este \u00faltimo a\u00f1o diversas opiniones de expertos, as\u00ed como tambi\u00e9n varias consultas a la Direcci\u00f3n General de Tributos, al tiempo que ha forzado a los socios de estas sociedades civiles a plantearse la necesidad de disolverlas, o cuando menos, de transformarlas en alguna otra figura de sociedad mercantil,  como puede ser una sociedad limitada o incluso tambi\u00e9n una sociedad cooperativa.<\/p>\n<p>\u00bfQu\u00e9 es una Sociedad Civil?<\/p>\n<p>Una Sociedad Civil particular ha sido una forma de organizarse para muchos aut\u00f3nomos y profesionales con la intenci\u00f3n de compartir recursos (bienes, dinero y sobre todo trabajo) para desarrollar actividades de comercio, industria o prestaci\u00f3n de servicios. Sus obligaciones formales eran las mismas que se exigen actualmente al empresario o profesional individual, y de entrada no tan complejas como las que son exigibles a las sociedades mercantiles, sobre todo por la obtenci\u00f3n de estas \u00faltimas de llevar contabilidad ajustada al C\u00f3digo de Comercio. Las sociedades civiles pod\u00edan tributar, hasta finales del a\u00f1o pasado, por IRPF, concretamente por el concepto de atribuci\u00f3n de rentas y no por el importe de sociedades, y eso fue en muchos casos, una gran ventaja. Por otro lado, tambi\u00e9n hay que decir que exist\u00eda una parte menos agradecida, y nos referimos al tema de la responsabilidad, que no era limitada, y por lo tanto los socios ten\u00edan que responder personalmente con su patrimonio de todas aquellas posibles deudas que generase esta sociedad.<\/p>\n<p>\u00bfC\u00f3mo les afecta el cambio?<\/p>\n<p>De entrada es importante comentar que la reforma a la que hacemos referencia afecta a las sociedades civiles con objeto mercantil. Seg\u00fan la doctrina administrativa se entiende que hay objeto mercantil, cuando se realiza una actividad econ\u00f3mica de manera continuada, estable y con \u00e1nimo de lucro, excluyendo de esta definici\u00f3n las actividades agr\u00edcolas, ganaderas, mineras y forestales, as\u00ed como las actividades profesionales. Este es un matiz importante en el sector del odonto- estomatolog\u00eda, ya que la mayor\u00eda de sociedades civiles constituidas en la profesi\u00f3n, posiblemente no tendr\u00e1n un objeto mercantil, si no profesional, si bien es cierto que tambi\u00e9n hay muchas que por las circunstancias que se daban en el momento de su constituci\u00f3n no se podr\u00e1n considerar profesionales y por tanto,  como dec\u00edamos, si no quieren pasar a tributar por impuesto de sociedades, deber\u00e1n adaptarse a la ley de sociedades profesionales o disolverse.<\/p>\n<p>1. Sociedades civiles con objeto mercantil<\/p>\n<p>Aquellas sociedades civiles que tengan pues objeto mercantil se ven obligadas a tributar, a partir del ejercicio 2016, por Impuesto de Sociedades. Para llevar a cabo este cambio se ha establecido un r\u00e9gimen transitorio que permite que la sociedad 1) o bien pueda tomar el acuerdo de disolverse y liquidar sus activos en el plazo de los seis primeros meses de 2016, sin costes fiscales por la disoluci\u00f3n, o bien 2) si la idea de los socios es la de continuidad, \u00e9stos podr\u00e1n tomar el acuerdo, tal como dec\u00edamos al principio, de transformarse en cualquier forma de sociedad mercantil.<\/p>\n<\/div>\n<\/div>\n<\/div>\n<div class=\"page\" title=\"Page 2\">\n<div class=\"layoutArea\">\n<div class=\"column\">\n<p>2. Sociedades civiles con objeto profesional<\/p>\n<p>Si hablamos de aquellas sociedades civiles particulares que est\u00e9n haciendo una actividad profesional, como puede ser la odontolog\u00eda o la estomatolog\u00eda, de momento no les afectar\u00eda la reforma que estamos analizando, por tratarse de actividades precisamente profesionales. De todas maneras se deber\u00e1 estar muy alerta y analizar bien cada caso, pues seg\u00fan varias consultas efectuadas a la DGT, de momento s\u00f3lo se considerar\u00e1 que el objeto de una sociedad civil es profesional cuando sus estatutos est\u00e9n debidamente adaptados a la Ley 2\/2007, de 15 de marzo, de sociedades profesionales, con los requisitos que la misma exige,  y donde los m\u00e1s destacables son los siguientes:<\/p>\n<ul>\n<li>Que los socios profesionales deben reunir los requisitos exigidos para el ejercicio de la actividad profesional que constituya el objeto social de la entidades y que \u00e9stos est\u00e9n debidamente colegiados.<\/li>\n<li>Que como m\u00ednimo, la mayor\u00eda del capital y de los derechos de voto, o la mayor\u00eda del patrimonio social y del n\u00famero de socios, pertenezcan a socios profesionales.<\/li>\n<li>Y que como m\u00ednimo la mitad m\u00e1s uno de los miembros de los \u00f3rganos de administraci\u00f3n de la sociedad, sean profesionales. Si el \u00f3rgano de administraci\u00f3n fuera unipersonal, o si existieran consejeros delegados, dichas funciones deber\u00e1n ser desarrolladas necesariamente por un socio profesional.\n<p>Por lo tanto, en este sentido nuestra recomendaci\u00f3n es la de revisar qu\u00e9 dicen los estatutos de la sociedad para valorar si se cumplen o no, y tomar la decisi\u00f3n m\u00e1s adecuada en cada caso.<\/p>\n<p>Es necesario igualmente reiterar que as\u00ed como las sociedades civiles con objeto mercantil ya han quedado excluidas de tributar por IRPF, las sociedades civiles con objeto profesional podr\u00edan dejar de hacerlo tambi\u00e9n alg\u00fan d\u00eda, sobre todo debido a los cambios constantes que cada vez m\u00e1s, se producen en materia fiscal.<\/p>\n<p>Siendo conscientes de que pueden surgir dudas adicionales a las que hemos intentado aclarar en estas l\u00edneas, nos ponemos a vuestra disposici\u00f3n desde AGS servicio COEC, en la 4\u00aa planta del Colegio.<\/li>\n<\/ul>\n<\/div>\n<\/div>\n<\/div>\n<\/div>\n<\/div>\n<\/div>\n<\/div>\n<\/div>\n<\/div>\n<\/div>\n<\/div>\n<\/div>\n<\/div>\n<\/div>\n<\/div>\n","protected":false},"excerpt":{"rendered":"<p>Desde que se puso en marcha La reforma fiscal de 2015, que modifica los Impuestos sobre la Renta de las Personas F\u00edsicas y del Impuesto sobre Sociedades, se anunci\u00f3 que las sociedades civiles privadas, pasar\u00edan a tributar por el Impuesto de Sociedades, a partir del 1 de enero de 2016. Este hecho, tal y como [&hellip;]<\/p>\n","protected":false},"author":1,"featured_media":0,"comment_status":"closed","ping_status":"open","sticky":false,"template":"","format":"standard","meta":{"footnotes":""},"categories":[18],"tags":[],"class_list":["post-2874","post","type-post","status-publish","format-standard","hentry","category-ags-servicio"],"yoast_head":"<!-- This site is optimized with the Yoast SEO plugin v27.3 - https:\/\/yoast.com\/product\/yoast-seo-wordpress\/ -->\n<title>LAS SOCIEDADES CIVILES PRIVADAS, COMO LES AFECTA LA REFORMA FISCAL DE 2015 &#8212; An\u00e0lisis Gerencial i de Serveis<\/title>\n<meta name=\"robots\" content=\"index, follow, max-snippet:-1, max-image-preview:large, max-video-preview:-1\" \/>\n<link rel=\"canonical\" href=\"https:\/\/www.analisisgerencial.cat\/es\/las-sociedades-civiles-privadas-como-les-afecta-la-reforma-fiscal-de-2015\/\" \/>\n<meta property=\"og:locale\" content=\"es_ES\" \/>\n<meta property=\"og:type\" content=\"article\" \/>\n<meta property=\"og:title\" content=\"LAS SOCIEDADES CIVILES PRIVADAS, COMO LES AFECTA LA REFORMA FISCAL DE 2015 &#8212; An\u00e0lisis Gerencial i de Serveis\" \/>\n<meta property=\"og:description\" content=\"Desde que se puso en marcha La reforma fiscal de 2015, que modifica los Impuestos sobre la Renta de las Personas F\u00edsicas y del Impuesto sobre Sociedades, se anunci\u00f3 que las sociedades civiles privadas, pasar\u00edan a tributar por el Impuesto de Sociedades, a partir del 1 de enero de 2016. Este hecho, tal y como [&hellip;]\" \/>\n<meta property=\"og:url\" content=\"https:\/\/www.analisisgerencial.cat\/es\/las-sociedades-civiles-privadas-como-les-afecta-la-reforma-fiscal-de-2015\/\" \/>\n<meta property=\"og:site_name\" content=\"An\u00e0lisis Gerencial i de Serveis\" \/>\n<meta property=\"article:published_time\" content=\"2016-03-18T07:10:09+00:00\" \/>\n<meta property=\"article:modified_time\" content=\"2025-05-05T10:16:23+00:00\" \/>\n<meta property=\"og:image\" content=\"https:\/\/www.analisisgerencial.cat\/wp-content\/uploads\/2024\/03\/consultoria-ags.jpg\" \/>\n\t<meta property=\"og:image:width\" content=\"1200\" \/>\n\t<meta property=\"og:image:height\" content=\"800\" \/>\n\t<meta property=\"og:image:type\" content=\"image\/jpeg\" \/>\n<meta name=\"author\" content=\"admin\" \/>\n<meta name=\"twitter:card\" content=\"summary_large_image\" \/>\n<meta name=\"twitter:label1\" content=\"Escrito por\" \/>\n\t<meta name=\"twitter:data1\" content=\"admin\" \/>\n\t<meta name=\"twitter:label2\" content=\"Tiempo de lectura\" \/>\n\t<meta name=\"twitter:data2\" content=\"5 minutos\" \/>\n<script type=\"application\/ld+json\" class=\"yoast-schema-graph\">{\"@context\":\"https:\\\/\\\/schema.org\",\"@graph\":[{\"@type\":\"Article\",\"@id\":\"https:\\\/\\\/www.analisisgerencial.cat\\\/es\\\/las-sociedades-civiles-privadas-como-les-afecta-la-reforma-fiscal-de-2015\\\/#article\",\"isPartOf\":{\"@id\":\"https:\\\/\\\/www.analisisgerencial.cat\\\/es\\\/las-sociedades-civiles-privadas-como-les-afecta-la-reforma-fiscal-de-2015\\\/\"},\"author\":{\"name\":\"admin\",\"@id\":\"https:\\\/\\\/www.analisisgerencial.cat\\\/es\\\/#\\\/schema\\\/person\\\/7c5dd05dac6fdfaa55c0d04171805af6\"},\"headline\":\"LAS SOCIEDADES CIVILES PRIVADAS, COMO LES AFECTA LA REFORMA FISCAL DE 2015\",\"datePublished\":\"2016-03-18T07:10:09+00:00\",\"dateModified\":\"2025-05-05T10:16:23+00:00\",\"mainEntityOfPage\":{\"@id\":\"https:\\\/\\\/www.analisisgerencial.cat\\\/es\\\/las-sociedades-civiles-privadas-como-les-afecta-la-reforma-fiscal-de-2015\\\/\"},\"wordCount\":942,\"publisher\":{\"@id\":\"https:\\\/\\\/www.analisisgerencial.cat\\\/es\\\/#organization\"},\"articleSection\":[\"AGS Servicio\"],\"inLanguage\":\"es\"},{\"@type\":\"WebPage\",\"@id\":\"https:\\\/\\\/www.analisisgerencial.cat\\\/es\\\/las-sociedades-civiles-privadas-como-les-afecta-la-reforma-fiscal-de-2015\\\/\",\"url\":\"https:\\\/\\\/www.analisisgerencial.cat\\\/es\\\/las-sociedades-civiles-privadas-como-les-afecta-la-reforma-fiscal-de-2015\\\/\",\"name\":\"LAS SOCIEDADES CIVILES PRIVADAS, COMO LES AFECTA LA REFORMA FISCAL DE 2015 &#8212; An\u00e0lisis Gerencial i de Serveis\",\"isPartOf\":{\"@id\":\"https:\\\/\\\/www.analisisgerencial.cat\\\/es\\\/#website\"},\"datePublished\":\"2016-03-18T07:10:09+00:00\",\"dateModified\":\"2025-05-05T10:16:23+00:00\",\"breadcrumb\":{\"@id\":\"https:\\\/\\\/www.analisisgerencial.cat\\\/es\\\/las-sociedades-civiles-privadas-como-les-afecta-la-reforma-fiscal-de-2015\\\/#breadcrumb\"},\"inLanguage\":\"es\",\"potentialAction\":[{\"@type\":\"ReadAction\",\"target\":[\"https:\\\/\\\/www.analisisgerencial.cat\\\/es\\\/las-sociedades-civiles-privadas-como-les-afecta-la-reforma-fiscal-de-2015\\\/\"]}]},{\"@type\":\"BreadcrumbList\",\"@id\":\"https:\\\/\\\/www.analisisgerencial.cat\\\/es\\\/las-sociedades-civiles-privadas-como-les-afecta-la-reforma-fiscal-de-2015\\\/#breadcrumb\",\"itemListElement\":[{\"@type\":\"ListItem\",\"position\":1,\"name\":\"Inici\",\"item\":\"https:\\\/\\\/www.analisisgerencial.cat\\\/es\\\/home\\\/\"},{\"@type\":\"ListItem\",\"position\":2,\"name\":\"LAS SOCIEDADES CIVILES PRIVADAS, COMO LES AFECTA LA REFORMA FISCAL DE 2015\"}]},{\"@type\":\"WebSite\",\"@id\":\"https:\\\/\\\/www.analisisgerencial.cat\\\/es\\\/#website\",\"url\":\"https:\\\/\\\/www.analisisgerencial.cat\\\/es\\\/\",\"name\":\"An\u00e1lisis Gerencial\",\"description\":\"Assessoria Fiscal, Laboral i Comptable\",\"publisher\":{\"@id\":\"https:\\\/\\\/www.analisisgerencial.cat\\\/es\\\/#organization\"},\"alternateName\":\"AGS Servei\",\"potentialAction\":[{\"@type\":\"SearchAction\",\"target\":{\"@type\":\"EntryPoint\",\"urlTemplate\":\"https:\\\/\\\/www.analisisgerencial.cat\\\/es\\\/?s={search_term_string}\"},\"query-input\":{\"@type\":\"PropertyValueSpecification\",\"valueRequired\":true,\"valueName\":\"search_term_string\"}}],\"inLanguage\":\"es\"},{\"@type\":\"Organization\",\"@id\":\"https:\\\/\\\/www.analisisgerencial.cat\\\/es\\\/#organization\",\"name\":\"An\u00e1lisis Gerencial\",\"alternateName\":\"AGS Servei\",\"url\":\"https:\\\/\\\/www.analisisgerencial.cat\\\/es\\\/\",\"logo\":{\"@type\":\"ImageObject\",\"inLanguage\":\"es\",\"@id\":\"https:\\\/\\\/www.analisisgerencial.cat\\\/es\\\/#\\\/schema\\\/logo\\\/image\\\/\",\"url\":\"https:\\\/\\\/www.analisisgerencial.cat\\\/wp-content\\\/uploads\\\/2023\\\/12\\\/Logo-AGS.png\",\"contentUrl\":\"https:\\\/\\\/www.analisisgerencial.cat\\\/wp-content\\\/uploads\\\/2023\\\/12\\\/Logo-AGS.png\",\"width\":1575,\"height\":531,\"caption\":\"An\u00e1lisis Gerencial\"},\"image\":{\"@id\":\"https:\\\/\\\/www.analisisgerencial.cat\\\/es\\\/#\\\/schema\\\/logo\\\/image\\\/\"}},{\"@type\":\"Person\",\"@id\":\"https:\\\/\\\/www.analisisgerencial.cat\\\/es\\\/#\\\/schema\\\/person\\\/7c5dd05dac6fdfaa55c0d04171805af6\",\"name\":\"admin\",\"image\":{\"@type\":\"ImageObject\",\"inLanguage\":\"es\",\"@id\":\"https:\\\/\\\/secure.gravatar.com\\\/avatar\\\/199378a53d8fd332facfa626e26765b3f6735a75e9c056e80bd62b6a88afc8ce?s=96&d=mm&r=g\",\"url\":\"https:\\\/\\\/secure.gravatar.com\\\/avatar\\\/199378a53d8fd332facfa626e26765b3f6735a75e9c056e80bd62b6a88afc8ce?s=96&d=mm&r=g\",\"contentUrl\":\"https:\\\/\\\/secure.gravatar.com\\\/avatar\\\/199378a53d8fd332facfa626e26765b3f6735a75e9c056e80bd62b6a88afc8ce?s=96&d=mm&r=g\",\"caption\":\"admin\"},\"sameAs\":[\"https:\\\/\\\/www.analisisgerencial.cat\"]}]}<\/script>\n<!-- \/ Yoast SEO plugin. -->","yoast_head_json":{"title":"LAS SOCIEDADES CIVILES PRIVADAS, COMO LES AFECTA LA REFORMA FISCAL DE 2015 &#8212; An\u00e0lisis Gerencial i de Serveis","robots":{"index":"index","follow":"follow","max-snippet":"max-snippet:-1","max-image-preview":"max-image-preview:large","max-video-preview":"max-video-preview:-1"},"canonical":"https:\/\/www.analisisgerencial.cat\/es\/las-sociedades-civiles-privadas-como-les-afecta-la-reforma-fiscal-de-2015\/","og_locale":"es_ES","og_type":"article","og_title":"LAS SOCIEDADES CIVILES PRIVADAS, COMO LES AFECTA LA REFORMA FISCAL DE 2015 &#8212; An\u00e0lisis Gerencial i de Serveis","og_description":"Desde que se puso en marcha La reforma fiscal de 2015, que modifica los Impuestos sobre la Renta de las Personas F\u00edsicas y del Impuesto sobre Sociedades, se anunci\u00f3 que las sociedades civiles privadas, pasar\u00edan a tributar por el Impuesto de Sociedades, a partir del 1 de enero de 2016. Este hecho, tal y como [&hellip;]","og_url":"https:\/\/www.analisisgerencial.cat\/es\/las-sociedades-civiles-privadas-como-les-afecta-la-reforma-fiscal-de-2015\/","og_site_name":"An\u00e0lisis Gerencial i de Serveis","article_published_time":"2016-03-18T07:10:09+00:00","article_modified_time":"2025-05-05T10:16:23+00:00","og_image":[{"width":1200,"height":800,"url":"https:\/\/www.analisisgerencial.cat\/wp-content\/uploads\/2024\/03\/consultoria-ags.jpg","type":"image\/jpeg"}],"author":"admin","twitter_card":"summary_large_image","twitter_misc":{"Escrito por":"admin","Tiempo de lectura":"5 minutos"},"schema":{"@context":"https:\/\/schema.org","@graph":[{"@type":"Article","@id":"https:\/\/www.analisisgerencial.cat\/es\/las-sociedades-civiles-privadas-como-les-afecta-la-reforma-fiscal-de-2015\/#article","isPartOf":{"@id":"https:\/\/www.analisisgerencial.cat\/es\/las-sociedades-civiles-privadas-como-les-afecta-la-reforma-fiscal-de-2015\/"},"author":{"name":"admin","@id":"https:\/\/www.analisisgerencial.cat\/es\/#\/schema\/person\/7c5dd05dac6fdfaa55c0d04171805af6"},"headline":"LAS SOCIEDADES CIVILES PRIVADAS, COMO LES AFECTA LA REFORMA FISCAL DE 2015","datePublished":"2016-03-18T07:10:09+00:00","dateModified":"2025-05-05T10:16:23+00:00","mainEntityOfPage":{"@id":"https:\/\/www.analisisgerencial.cat\/es\/las-sociedades-civiles-privadas-como-les-afecta-la-reforma-fiscal-de-2015\/"},"wordCount":942,"publisher":{"@id":"https:\/\/www.analisisgerencial.cat\/es\/#organization"},"articleSection":["AGS Servicio"],"inLanguage":"es"},{"@type":"WebPage","@id":"https:\/\/www.analisisgerencial.cat\/es\/las-sociedades-civiles-privadas-como-les-afecta-la-reforma-fiscal-de-2015\/","url":"https:\/\/www.analisisgerencial.cat\/es\/las-sociedades-civiles-privadas-como-les-afecta-la-reforma-fiscal-de-2015\/","name":"LAS SOCIEDADES CIVILES PRIVADAS, COMO LES AFECTA LA REFORMA FISCAL DE 2015 &#8212; An\u00e0lisis Gerencial i de Serveis","isPartOf":{"@id":"https:\/\/www.analisisgerencial.cat\/es\/#website"},"datePublished":"2016-03-18T07:10:09+00:00","dateModified":"2025-05-05T10:16:23+00:00","breadcrumb":{"@id":"https:\/\/www.analisisgerencial.cat\/es\/las-sociedades-civiles-privadas-como-les-afecta-la-reforma-fiscal-de-2015\/#breadcrumb"},"inLanguage":"es","potentialAction":[{"@type":"ReadAction","target":["https:\/\/www.analisisgerencial.cat\/es\/las-sociedades-civiles-privadas-como-les-afecta-la-reforma-fiscal-de-2015\/"]}]},{"@type":"BreadcrumbList","@id":"https:\/\/www.analisisgerencial.cat\/es\/las-sociedades-civiles-privadas-como-les-afecta-la-reforma-fiscal-de-2015\/#breadcrumb","itemListElement":[{"@type":"ListItem","position":1,"name":"Inici","item":"https:\/\/www.analisisgerencial.cat\/es\/home\/"},{"@type":"ListItem","position":2,"name":"LAS SOCIEDADES CIVILES PRIVADAS, COMO LES AFECTA LA REFORMA FISCAL DE 2015"}]},{"@type":"WebSite","@id":"https:\/\/www.analisisgerencial.cat\/es\/#website","url":"https:\/\/www.analisisgerencial.cat\/es\/","name":"An\u00e1lisis Gerencial","description":"Assessoria Fiscal, Laboral i Comptable","publisher":{"@id":"https:\/\/www.analisisgerencial.cat\/es\/#organization"},"alternateName":"AGS Servei","potentialAction":[{"@type":"SearchAction","target":{"@type":"EntryPoint","urlTemplate":"https:\/\/www.analisisgerencial.cat\/es\/?s={search_term_string}"},"query-input":{"@type":"PropertyValueSpecification","valueRequired":true,"valueName":"search_term_string"}}],"inLanguage":"es"},{"@type":"Organization","@id":"https:\/\/www.analisisgerencial.cat\/es\/#organization","name":"An\u00e1lisis Gerencial","alternateName":"AGS Servei","url":"https:\/\/www.analisisgerencial.cat\/es\/","logo":{"@type":"ImageObject","inLanguage":"es","@id":"https:\/\/www.analisisgerencial.cat\/es\/#\/schema\/logo\/image\/","url":"https:\/\/www.analisisgerencial.cat\/wp-content\/uploads\/2023\/12\/Logo-AGS.png","contentUrl":"https:\/\/www.analisisgerencial.cat\/wp-content\/uploads\/2023\/12\/Logo-AGS.png","width":1575,"height":531,"caption":"An\u00e1lisis Gerencial"},"image":{"@id":"https:\/\/www.analisisgerencial.cat\/es\/#\/schema\/logo\/image\/"}},{"@type":"Person","@id":"https:\/\/www.analisisgerencial.cat\/es\/#\/schema\/person\/7c5dd05dac6fdfaa55c0d04171805af6","name":"admin","image":{"@type":"ImageObject","inLanguage":"es","@id":"https:\/\/secure.gravatar.com\/avatar\/199378a53d8fd332facfa626e26765b3f6735a75e9c056e80bd62b6a88afc8ce?s=96&d=mm&r=g","url":"https:\/\/secure.gravatar.com\/avatar\/199378a53d8fd332facfa626e26765b3f6735a75e9c056e80bd62b6a88afc8ce?s=96&d=mm&r=g","contentUrl":"https:\/\/secure.gravatar.com\/avatar\/199378a53d8fd332facfa626e26765b3f6735a75e9c056e80bd62b6a88afc8ce?s=96&d=mm&r=g","caption":"admin"},"sameAs":["https:\/\/www.analisisgerencial.cat"]}]}},"_links":{"self":[{"href":"https:\/\/www.analisisgerencial.cat\/es\/wp-json\/wp\/v2\/posts\/2874","targetHints":{"allow":["GET"]}}],"collection":[{"href":"https:\/\/www.analisisgerencial.cat\/es\/wp-json\/wp\/v2\/posts"}],"about":[{"href":"https:\/\/www.analisisgerencial.cat\/es\/wp-json\/wp\/v2\/types\/post"}],"author":[{"embeddable":true,"href":"https:\/\/www.analisisgerencial.cat\/es\/wp-json\/wp\/v2\/users\/1"}],"replies":[{"embeddable":true,"href":"https:\/\/www.analisisgerencial.cat\/es\/wp-json\/wp\/v2\/comments?post=2874"}],"version-history":[{"count":0,"href":"https:\/\/www.analisisgerencial.cat\/es\/wp-json\/wp\/v2\/posts\/2874\/revisions"}],"wp:attachment":[{"href":"https:\/\/www.analisisgerencial.cat\/es\/wp-json\/wp\/v2\/media?parent=2874"}],"wp:term":[{"taxonomy":"category","embeddable":true,"href":"https:\/\/www.analisisgerencial.cat\/es\/wp-json\/wp\/v2\/categories?post=2874"},{"taxonomy":"post_tag","embeddable":true,"href":"https:\/\/www.analisisgerencial.cat\/es\/wp-json\/wp\/v2\/tags?post=2874"}],"curies":[{"name":"wp","href":"https:\/\/api.w.org\/{rel}","templated":true}]}}