{"id":2866,"date":"2017-03-27T19:08:28","date_gmt":"2017-03-27T17:08:28","guid":{"rendered":"https:\/\/www.analisisgerencial.cat\/empresario-individual-o-sociedad-mercantil-formas-de-operar-en-la-profesion\/"},"modified":"2025-05-05T12:16:21","modified_gmt":"2025-05-05T10:16:21","slug":"empresario-individual-o-sociedad-mercantil-formas-de-operar-en-la-profesion","status":"publish","type":"post","link":"https:\/\/www.analisisgerencial.cat\/es\/empresario-individual-o-sociedad-mercantil-formas-de-operar-en-la-profesion\/","title":{"rendered":"EMPRESARIO INDIVIDUAL O SOCIEDAD MERCANTIL. FORMAS DE OPERAR EN LA PROFESI\u00d3N."},"content":{"rendered":"<p><strong>Formas de operar en la profesi\u00f3n: empresario individual o sociedad mercantil?<\/strong><\/p>\n<p>Esta es una pregunta que a menudo se formulan numerosos profesionales de la odontolog\u00eda, tanto aquellos que se inician en la actividad como aquellos que despu\u00e9s de un tiempo de profesi\u00f3n se plantean si est\u00e1n operando, desde un punto de vista fiscal, de la manera m\u00e1s beneficiosa posible para su econom\u00eda. Pues bien, hay que decir que la respuesta no es tan sencilla como podr\u00eda parecer a primera vez de ojo y depender\u00e1 siempre de cada caso particular.<\/p>\n<p><strong>Formas de organizaci\u00f3n en la odonto-estomatolog\u00eda.<\/strong><\/p>\n<p>Las formas de operar m\u00e1s habituales en la profesi\u00f3n son las siguientes:<\/p>\n<ul>\n<li>Como persona f\u00edsica o empresario individual<\/li>\n<li>Como sociedad civil profesional (SCP) con los estatutos debidamente adaptados a la ley de sociedad profesionales<\/li>\n<li>Como sociedad mercantil (SL)<\/li>\n<\/ul>\n<p><a href=\"https:\/\/www.analisisgerencial.cat\/wp-content\/uploads\/2017\/01\/Article-Coec-Formes-doperar-en-la-professio-Juny-2016-1.pdf\">art\u00edculo-coec-formas-doperar-en-la-profesio-junio-2016<\/a><\/p>\n","protected":false},"excerpt":{"rendered":"<p>Formas de operar en la profesi\u00f3n: empresario individual o sociedad mercantil? Esta es una pregunta que a menudo se formulan numerosos profesionales de la odontolog\u00eda, tanto aquellos que se inician en la actividad como aquellos que despu\u00e9s de un tiempo de profesi\u00f3n se plantean si est\u00e1n operando, desde un punto de vista fiscal, de la [&hellip;]<\/p>\n","protected":false},"author":1,"featured_media":0,"comment_status":"closed","ping_status":"open","sticky":false,"template":"","format":"standard","meta":{"footnotes":""},"categories":[18],"tags":[],"class_list":["post-2866","post","type-post","status-publish","format-standard","hentry","category-ags-servicio"],"yoast_head":"<!-- This site is optimized with the Yoast SEO plugin v27.3 - https:\/\/yoast.com\/product\/yoast-seo-wordpress\/ -->\n<title>EMPRESARIO INDIVIDUAL O SOCIEDAD MERCANTIL. FORMAS DE OPERAR EN LA PROFESI\u00d3N. &#8212; An\u00e0lisis Gerencial i de Serveis<\/title>\n<meta name=\"robots\" content=\"index, follow, max-snippet:-1, max-image-preview:large, max-video-preview:-1\" \/>\n<link rel=\"canonical\" href=\"https:\/\/www.analisisgerencial.cat\/es\/empresario-individual-o-sociedad-mercantil-formas-de-operar-en-la-profesion\/\" \/>\n<meta property=\"og:locale\" content=\"es_ES\" \/>\n<meta property=\"og:type\" content=\"article\" \/>\n<meta property=\"og:title\" content=\"EMPRESARIO INDIVIDUAL O SOCIEDAD MERCANTIL. FORMAS DE OPERAR EN LA PROFESI\u00d3N. &#8212; An\u00e0lisis Gerencial i de Serveis\" \/>\n<meta property=\"og:description\" content=\"Formas de operar en la profesi\u00f3n: empresario individual o sociedad mercantil? Esta es una pregunta que a menudo se formulan numerosos profesionales de la odontolog\u00eda, tanto aquellos que se inician en la actividad como aquellos que despu\u00e9s de un tiempo de profesi\u00f3n se plantean si est\u00e1n operando, desde un punto de vista fiscal, de la [&hellip;]\" \/>\n<meta property=\"og:url\" content=\"https:\/\/www.analisisgerencial.cat\/es\/empresario-individual-o-sociedad-mercantil-formas-de-operar-en-la-profesion\/\" \/>\n<meta property=\"og:site_name\" content=\"An\u00e0lisis Gerencial i de Serveis\" \/>\n<meta property=\"article:published_time\" content=\"2017-03-27T17:08:28+00:00\" \/>\n<meta property=\"article:modified_time\" content=\"2025-05-05T10:16:21+00:00\" \/>\n<meta property=\"og:image\" content=\"https:\/\/www.analisisgerencial.cat\/wp-content\/uploads\/2024\/03\/consultoria-ags.jpg\" \/>\n\t<meta property=\"og:image:width\" content=\"1200\" \/>\n\t<meta property=\"og:image:height\" content=\"800\" \/>\n\t<meta property=\"og:image:type\" content=\"image\/jpeg\" \/>\n<meta name=\"author\" content=\"admin\" \/>\n<meta name=\"twitter:card\" content=\"summary_large_image\" \/>\n<meta name=\"twitter:label1\" content=\"Escrito por\" \/>\n\t<meta name=\"twitter:data1\" content=\"admin\" \/>\n\t<meta name=\"twitter:label2\" content=\"Tiempo de lectura\" \/>\n\t<meta name=\"twitter:data2\" content=\"1 minuto\" \/>\n<script type=\"application\/ld+json\" class=\"yoast-schema-graph\">{\"@context\":\"https:\\\/\\\/schema.org\",\"@graph\":[{\"@type\":\"Article\",\"@id\":\"https:\\\/\\\/www.analisisgerencial.cat\\\/es\\\/empresario-individual-o-sociedad-mercantil-formas-de-operar-en-la-profesion\\\/#article\",\"isPartOf\":{\"@id\":\"https:\\\/\\\/www.analisisgerencial.cat\\\/es\\\/empresario-individual-o-sociedad-mercantil-formas-de-operar-en-la-profesion\\\/\"},\"author\":{\"name\":\"admin\",\"@id\":\"https:\\\/\\\/www.analisisgerencial.cat\\\/es\\\/#\\\/schema\\\/person\\\/7c5dd05dac6fdfaa55c0d04171805af6\"},\"headline\":\"EMPRESARIO INDIVIDUAL O SOCIEDAD MERCANTIL. FORMAS DE OPERAR EN LA PROFESI\u00d3N.\",\"datePublished\":\"2017-03-27T17:08:28+00:00\",\"dateModified\":\"2025-05-05T10:16:21+00:00\",\"mainEntityOfPage\":{\"@id\":\"https:\\\/\\\/www.analisisgerencial.cat\\\/es\\\/empresario-individual-o-sociedad-mercantil-formas-de-operar-en-la-profesion\\\/\"},\"wordCount\":160,\"publisher\":{\"@id\":\"https:\\\/\\\/www.analisisgerencial.cat\\\/es\\\/#organization\"},\"articleSection\":[\"AGS Servicio\"],\"inLanguage\":\"es\"},{\"@type\":\"WebPage\",\"@id\":\"https:\\\/\\\/www.analisisgerencial.cat\\\/es\\\/empresario-individual-o-sociedad-mercantil-formas-de-operar-en-la-profesion\\\/\",\"url\":\"https:\\\/\\\/www.analisisgerencial.cat\\\/es\\\/empresario-individual-o-sociedad-mercantil-formas-de-operar-en-la-profesion\\\/\",\"name\":\"EMPRESARIO INDIVIDUAL O SOCIEDAD MERCANTIL. FORMAS DE OPERAR EN LA PROFESI\u00d3N. &#8212; An\u00e0lisis Gerencial i de Serveis\",\"isPartOf\":{\"@id\":\"https:\\\/\\\/www.analisisgerencial.cat\\\/es\\\/#website\"},\"datePublished\":\"2017-03-27T17:08:28+00:00\",\"dateModified\":\"2025-05-05T10:16:21+00:00\",\"breadcrumb\":{\"@id\":\"https:\\\/\\\/www.analisisgerencial.cat\\\/es\\\/empresario-individual-o-sociedad-mercantil-formas-de-operar-en-la-profesion\\\/#breadcrumb\"},\"inLanguage\":\"es\",\"potentialAction\":[{\"@type\":\"ReadAction\",\"target\":[\"https:\\\/\\\/www.analisisgerencial.cat\\\/es\\\/empresario-individual-o-sociedad-mercantil-formas-de-operar-en-la-profesion\\\/\"]}]},{\"@type\":\"BreadcrumbList\",\"@id\":\"https:\\\/\\\/www.analisisgerencial.cat\\\/es\\\/empresario-individual-o-sociedad-mercantil-formas-de-operar-en-la-profesion\\\/#breadcrumb\",\"itemListElement\":[{\"@type\":\"ListItem\",\"position\":1,\"name\":\"Inici\",\"item\":\"https:\\\/\\\/www.analisisgerencial.cat\\\/es\\\/home\\\/\"},{\"@type\":\"ListItem\",\"position\":2,\"name\":\"EMPRESARIO INDIVIDUAL O SOCIEDAD MERCANTIL. FORMAS DE OPERAR EN LA PROFESI\u00d3N.\"}]},{\"@type\":\"WebSite\",\"@id\":\"https:\\\/\\\/www.analisisgerencial.cat\\\/es\\\/#website\",\"url\":\"https:\\\/\\\/www.analisisgerencial.cat\\\/es\\\/\",\"name\":\"An\u00e1lisis Gerencial\",\"description\":\"Assessoria Fiscal, Laboral i Comptable\",\"publisher\":{\"@id\":\"https:\\\/\\\/www.analisisgerencial.cat\\\/es\\\/#organization\"},\"alternateName\":\"AGS Servei\",\"potentialAction\":[{\"@type\":\"SearchAction\",\"target\":{\"@type\":\"EntryPoint\",\"urlTemplate\":\"https:\\\/\\\/www.analisisgerencial.cat\\\/es\\\/?s={search_term_string}\"},\"query-input\":{\"@type\":\"PropertyValueSpecification\",\"valueRequired\":true,\"valueName\":\"search_term_string\"}}],\"inLanguage\":\"es\"},{\"@type\":\"Organization\",\"@id\":\"https:\\\/\\\/www.analisisgerencial.cat\\\/es\\\/#organization\",\"name\":\"An\u00e1lisis Gerencial\",\"alternateName\":\"AGS Servei\",\"url\":\"https:\\\/\\\/www.analisisgerencial.cat\\\/es\\\/\",\"logo\":{\"@type\":\"ImageObject\",\"inLanguage\":\"es\",\"@id\":\"https:\\\/\\\/www.analisisgerencial.cat\\\/es\\\/#\\\/schema\\\/logo\\\/image\\\/\",\"url\":\"https:\\\/\\\/www.analisisgerencial.cat\\\/wp-content\\\/uploads\\\/2023\\\/12\\\/Logo-AGS.png\",\"contentUrl\":\"https:\\\/\\\/www.analisisgerencial.cat\\\/wp-content\\\/uploads\\\/2023\\\/12\\\/Logo-AGS.png\",\"width\":1575,\"height\":531,\"caption\":\"An\u00e1lisis Gerencial\"},\"image\":{\"@id\":\"https:\\\/\\\/www.analisisgerencial.cat\\\/es\\\/#\\\/schema\\\/logo\\\/image\\\/\"}},{\"@type\":\"Person\",\"@id\":\"https:\\\/\\\/www.analisisgerencial.cat\\\/es\\\/#\\\/schema\\\/person\\\/7c5dd05dac6fdfaa55c0d04171805af6\",\"name\":\"admin\",\"image\":{\"@type\":\"ImageObject\",\"inLanguage\":\"es\",\"@id\":\"https:\\\/\\\/secure.gravatar.com\\\/avatar\\\/199378a53d8fd332facfa626e26765b3f6735a75e9c056e80bd62b6a88afc8ce?s=96&d=mm&r=g\",\"url\":\"https:\\\/\\\/secure.gravatar.com\\\/avatar\\\/199378a53d8fd332facfa626e26765b3f6735a75e9c056e80bd62b6a88afc8ce?s=96&d=mm&r=g\",\"contentUrl\":\"https:\\\/\\\/secure.gravatar.com\\\/avatar\\\/199378a53d8fd332facfa626e26765b3f6735a75e9c056e80bd62b6a88afc8ce?s=96&d=mm&r=g\",\"caption\":\"admin\"},\"sameAs\":[\"https:\\\/\\\/www.analisisgerencial.cat\"]}]}<\/script>\n<!-- \/ Yoast SEO plugin. -->","yoast_head_json":{"title":"EMPRESARIO INDIVIDUAL O SOCIEDAD MERCANTIL. FORMAS DE OPERAR EN LA PROFESI\u00d3N. &#8212; An\u00e0lisis Gerencial i de Serveis","robots":{"index":"index","follow":"follow","max-snippet":"max-snippet:-1","max-image-preview":"max-image-preview:large","max-video-preview":"max-video-preview:-1"},"canonical":"https:\/\/www.analisisgerencial.cat\/es\/empresario-individual-o-sociedad-mercantil-formas-de-operar-en-la-profesion\/","og_locale":"es_ES","og_type":"article","og_title":"EMPRESARIO INDIVIDUAL O SOCIEDAD MERCANTIL. FORMAS DE OPERAR EN LA PROFESI\u00d3N. &#8212; An\u00e0lisis Gerencial i de Serveis","og_description":"Formas de operar en la profesi\u00f3n: empresario individual o sociedad mercantil? Esta es una pregunta que a menudo se formulan numerosos profesionales de la odontolog\u00eda, tanto aquellos que se inician en la actividad como aquellos que despu\u00e9s de un tiempo de profesi\u00f3n se plantean si est\u00e1n operando, desde un punto de vista fiscal, de la [&hellip;]","og_url":"https:\/\/www.analisisgerencial.cat\/es\/empresario-individual-o-sociedad-mercantil-formas-de-operar-en-la-profesion\/","og_site_name":"An\u00e0lisis Gerencial i de Serveis","article_published_time":"2017-03-27T17:08:28+00:00","article_modified_time":"2025-05-05T10:16:21+00:00","og_image":[{"width":1200,"height":800,"url":"https:\/\/www.analisisgerencial.cat\/wp-content\/uploads\/2024\/03\/consultoria-ags.jpg","type":"image\/jpeg"}],"author":"admin","twitter_card":"summary_large_image","twitter_misc":{"Escrito por":"admin","Tiempo de lectura":"1 minuto"},"schema":{"@context":"https:\/\/schema.org","@graph":[{"@type":"Article","@id":"https:\/\/www.analisisgerencial.cat\/es\/empresario-individual-o-sociedad-mercantil-formas-de-operar-en-la-profesion\/#article","isPartOf":{"@id":"https:\/\/www.analisisgerencial.cat\/es\/empresario-individual-o-sociedad-mercantil-formas-de-operar-en-la-profesion\/"},"author":{"name":"admin","@id":"https:\/\/www.analisisgerencial.cat\/es\/#\/schema\/person\/7c5dd05dac6fdfaa55c0d04171805af6"},"headline":"EMPRESARIO INDIVIDUAL O SOCIEDAD MERCANTIL. FORMAS DE OPERAR EN LA PROFESI\u00d3N.","datePublished":"2017-03-27T17:08:28+00:00","dateModified":"2025-05-05T10:16:21+00:00","mainEntityOfPage":{"@id":"https:\/\/www.analisisgerencial.cat\/es\/empresario-individual-o-sociedad-mercantil-formas-de-operar-en-la-profesion\/"},"wordCount":160,"publisher":{"@id":"https:\/\/www.analisisgerencial.cat\/es\/#organization"},"articleSection":["AGS Servicio"],"inLanguage":"es"},{"@type":"WebPage","@id":"https:\/\/www.analisisgerencial.cat\/es\/empresario-individual-o-sociedad-mercantil-formas-de-operar-en-la-profesion\/","url":"https:\/\/www.analisisgerencial.cat\/es\/empresario-individual-o-sociedad-mercantil-formas-de-operar-en-la-profesion\/","name":"EMPRESARIO INDIVIDUAL O SOCIEDAD MERCANTIL. FORMAS DE OPERAR EN LA PROFESI\u00d3N. &#8212; An\u00e0lisis Gerencial i de Serveis","isPartOf":{"@id":"https:\/\/www.analisisgerencial.cat\/es\/#website"},"datePublished":"2017-03-27T17:08:28+00:00","dateModified":"2025-05-05T10:16:21+00:00","breadcrumb":{"@id":"https:\/\/www.analisisgerencial.cat\/es\/empresario-individual-o-sociedad-mercantil-formas-de-operar-en-la-profesion\/#breadcrumb"},"inLanguage":"es","potentialAction":[{"@type":"ReadAction","target":["https:\/\/www.analisisgerencial.cat\/es\/empresario-individual-o-sociedad-mercantil-formas-de-operar-en-la-profesion\/"]}]},{"@type":"BreadcrumbList","@id":"https:\/\/www.analisisgerencial.cat\/es\/empresario-individual-o-sociedad-mercantil-formas-de-operar-en-la-profesion\/#breadcrumb","itemListElement":[{"@type":"ListItem","position":1,"name":"Inici","item":"https:\/\/www.analisisgerencial.cat\/es\/home\/"},{"@type":"ListItem","position":2,"name":"EMPRESARIO INDIVIDUAL O SOCIEDAD MERCANTIL. FORMAS DE OPERAR EN LA PROFESI\u00d3N."}]},{"@type":"WebSite","@id":"https:\/\/www.analisisgerencial.cat\/es\/#website","url":"https:\/\/www.analisisgerencial.cat\/es\/","name":"An\u00e1lisis Gerencial","description":"Assessoria Fiscal, Laboral i Comptable","publisher":{"@id":"https:\/\/www.analisisgerencial.cat\/es\/#organization"},"alternateName":"AGS Servei","potentialAction":[{"@type":"SearchAction","target":{"@type":"EntryPoint","urlTemplate":"https:\/\/www.analisisgerencial.cat\/es\/?s={search_term_string}"},"query-input":{"@type":"PropertyValueSpecification","valueRequired":true,"valueName":"search_term_string"}}],"inLanguage":"es"},{"@type":"Organization","@id":"https:\/\/www.analisisgerencial.cat\/es\/#organization","name":"An\u00e1lisis Gerencial","alternateName":"AGS Servei","url":"https:\/\/www.analisisgerencial.cat\/es\/","logo":{"@type":"ImageObject","inLanguage":"es","@id":"https:\/\/www.analisisgerencial.cat\/es\/#\/schema\/logo\/image\/","url":"https:\/\/www.analisisgerencial.cat\/wp-content\/uploads\/2023\/12\/Logo-AGS.png","contentUrl":"https:\/\/www.analisisgerencial.cat\/wp-content\/uploads\/2023\/12\/Logo-AGS.png","width":1575,"height":531,"caption":"An\u00e1lisis Gerencial"},"image":{"@id":"https:\/\/www.analisisgerencial.cat\/es\/#\/schema\/logo\/image\/"}},{"@type":"Person","@id":"https:\/\/www.analisisgerencial.cat\/es\/#\/schema\/person\/7c5dd05dac6fdfaa55c0d04171805af6","name":"admin","image":{"@type":"ImageObject","inLanguage":"es","@id":"https:\/\/secure.gravatar.com\/avatar\/199378a53d8fd332facfa626e26765b3f6735a75e9c056e80bd62b6a88afc8ce?s=96&d=mm&r=g","url":"https:\/\/secure.gravatar.com\/avatar\/199378a53d8fd332facfa626e26765b3f6735a75e9c056e80bd62b6a88afc8ce?s=96&d=mm&r=g","contentUrl":"https:\/\/secure.gravatar.com\/avatar\/199378a53d8fd332facfa626e26765b3f6735a75e9c056e80bd62b6a88afc8ce?s=96&d=mm&r=g","caption":"admin"},"sameAs":["https:\/\/www.analisisgerencial.cat"]}]}},"_links":{"self":[{"href":"https:\/\/www.analisisgerencial.cat\/es\/wp-json\/wp\/v2\/posts\/2866","targetHints":{"allow":["GET"]}}],"collection":[{"href":"https:\/\/www.analisisgerencial.cat\/es\/wp-json\/wp\/v2\/posts"}],"about":[{"href":"https:\/\/www.analisisgerencial.cat\/es\/wp-json\/wp\/v2\/types\/post"}],"author":[{"embeddable":true,"href":"https:\/\/www.analisisgerencial.cat\/es\/wp-json\/wp\/v2\/users\/1"}],"replies":[{"embeddable":true,"href":"https:\/\/www.analisisgerencial.cat\/es\/wp-json\/wp\/v2\/comments?post=2866"}],"version-history":[{"count":0,"href":"https:\/\/www.analisisgerencial.cat\/es\/wp-json\/wp\/v2\/posts\/2866\/revisions"}],"wp:attachment":[{"href":"https:\/\/www.analisisgerencial.cat\/es\/wp-json\/wp\/v2\/media?parent=2866"}],"wp:term":[{"taxonomy":"category","embeddable":true,"href":"https:\/\/www.analisisgerencial.cat\/es\/wp-json\/wp\/v2\/categories?post=2866"},{"taxonomy":"post_tag","embeddable":true,"href":"https:\/\/www.analisisgerencial.cat\/es\/wp-json\/wp\/v2\/tags?post=2866"}],"curies":[{"name":"wp","href":"https:\/\/api.w.org\/{rel}","templated":true}]}}