{"id":2859,"date":"2012-06-01T13:34:33","date_gmt":"2012-06-01T11:34:33","guid":{"rendered":"https:\/\/www.analisisgerencial.cat\/newsletter-junio-2012\/"},"modified":"2025-05-05T12:16:27","modified_gmt":"2025-05-05T10:16:27","slug":"newsletter-junio-2012","status":"publish","type":"post","link":"https:\/\/www.analisisgerencial.cat\/es\/newsletter-junio-2012\/","title":{"rendered":"Newsletter Junio 2012"},"content":{"rendered":"<div id=\"contenedor_contenido\">\n<div id=\"contenido\">\n<div id=\"caja_izquierda\">\n<div id=\"caja_derecha\">\n<div class=\"columna_derecha\">\n<div id=\"contenedor_noticias_detalle\">\n<p class=\"texto_noticia\"><strong>FISCAL<\/strong><br \/>\n<strong>Amnist\u00eda fiscal<\/strong><br \/>\nHasta el 30 de noviembre del 2012 ser\u00e1 posible tributar por las rentas no declaradas hasta el 2010, pagando \u00fanicamente el 10% de su importe, sin recargos ni intereses.<br \/>\nEste es el resumen de la noticia que posiblemente habr\u00e1 le\u00eddo una vez aprobada la Orden HAP\/1182\/2012 que aparece publicada en el BOE del 4 de junio del 2012.<br \/>\nHan sido muchas semanas de incerteza respecto al procedimiento a seguir para regularizar la situaci\u00f3n tributaria de los contribuyentes interesados en ello, una vez se dio a conocer esta posibilidad tras la aprobaci\u00f3n en el Real Decreto-ley 12\/2012, del pasado 30 de marzo, por el que se introducen diversas medidas tributarias y administrativas dirigidas a la reducci\u00f3n de d\u00e9ficit publico.<br \/>\nEl reglamento ahora aprobado tiene incidencia en las rentas no incluidas en las declaraciones de IRPF, el Impuesto de la Renta de No Residentes o en el Impuesto de Sociedades del ejercicio 2010 y anteriores.<br \/>\nNo podr\u00e1n acogerse a esta declaraci\u00f3n cuando previamente se haya iniciado ya un procedimiento de comprobaci\u00f3n o investigaci\u00f3n respecto al titular real de los bienes no declarados (sea una persona f\u00edsica o jur\u00eddica)<br \/>\nSe ha establecido un formulario de declaraci\u00f3n especial (Modelo 750)<br \/>\nFundamentalmente, se deber\u00e1 facilitar la siguiente informaci\u00f3n relativa al destino otorgado a las rentas no declaradas:<br \/>\nBienes y Derechos que fueron adquiridos o constituidos antes del 31 de diciembre de 2010 con estas rentas (inmuebles, terrenos, veh\u00edculos, acciones, prestamos a terceros, dep\u00f3sitos,..), indicando la fecha y el importe satisfecho.<br \/>\nDeber\u00e1 poder demostrarse que la inversi\u00f3n se realiz\u00f3 con anterioridad de la fecha indicada<br \/>\nEfectivo: finalmente, se admite el poder computar como renta no declarada el dinero en efectivo. Dentro de lo dif\u00edcil de poder acreditar la fecha de obtenci\u00f3n y generaci\u00f3n de ese dinero en efectivo, Hacienda lo dar\u00e1 por cierto si se ingresa este dinero antes del 30 de noviembre del 2012 en una cuenta corriente de titularidad jur\u00eddica abierta en una entidad de cr\u00e9dito residente en Espa\u00f1a, en otro Estado de la Uni\u00f3n Europea o en un Estado integrante del Espacio Econ\u00f3mico Europeo que haya suscrito un convenio con Espa\u00f1a para evitar la doble imposici\u00f3n internacional y con clausula de intercambio de informaci\u00f3n en materia tributaria.<br \/>\nNo deber\u00e1 declarar nada si puede demostrar que las rentas no declaradas proceden de un ejercicio ya prescrito. En este punto, La Ley no ha cambiado.<br \/>\nEsta es una noticia de alcance, de muy reciente publicaci\u00f3n, y que en las pr\u00f3ximas semanas puede aportar alguna disposici\u00f3n aclaratoria adicional dada la complejidad de la operaci\u00f3n.<br \/>\n<strong>La declaraci\u00f3n conjunta en el caso de personas separadas.<\/strong><br \/>\nEn el tramo final de presentaci\u00f3n de la Declaraci\u00f3n de Renta, nos permitimos recordar de nuevo que en el caso de que usted se ha separado de su c\u00f3nyuge y los hijos han quedado a su cargo y conviven con usted, posiblemente la declaraci\u00f3n conjunta le permitir\u00e1 ahorrase algunos euros.<br \/>\nTras un caso de separaci\u00f3n, el progenitor que conviva con los hijos, la declaraci\u00f3n conjunta (Vd. y sus hijos) es una opci\u00f3n a considerar si \u00e9stos no tienen rentas que superen los 8.000\u20ac. En el caso de custodia compartida, solamente uno de los c\u00f3nyuges puede optar por presentar la declaraci\u00f3n conjunta (el que tiene los hijos), pero no el otro que deber\u00e1 presentarla de manera individual. Esta limitaci\u00f3n suele compensarse alternando los ejercicios con declaraciones conjuntas entre los c\u00f3nyuges separados.<\/p>\n<\/div>\n<\/div>\n<\/div>\n<\/div>\n<\/div>\n<\/div>\n","protected":false},"excerpt":{"rendered":"<p>FISCAL Amnist\u00eda fiscal Hasta el 30 de noviembre del 2012 ser\u00e1 posible tributar por las rentas no declaradas hasta el 2010, pagando \u00fanicamente el 10% de su importe, sin recargos ni intereses. Este es el resumen de la noticia que posiblemente habr\u00e1 le\u00eddo una vez aprobada la Orden HAP\/1182\/2012 que aparece publicada en el BOE [&hellip;]<\/p>\n","protected":false},"author":1,"featured_media":0,"comment_status":"closed","ping_status":"open","sticky":false,"template":"","format":"standard","meta":{"footnotes":""},"categories":[18],"tags":[],"class_list":["post-2859","post","type-post","status-publish","format-standard","hentry","category-ags-servicio"],"yoast_head":"<!-- This site is optimized with the Yoast SEO plugin v27.3 - https:\/\/yoast.com\/product\/yoast-seo-wordpress\/ -->\n<title>Newsletter Junio 2012 &#8212; An\u00e0lisis Gerencial i de Serveis<\/title>\n<meta name=\"robots\" content=\"index, follow, max-snippet:-1, max-image-preview:large, max-video-preview:-1\" \/>\n<link rel=\"canonical\" href=\"https:\/\/www.analisisgerencial.cat\/es\/newsletter-junio-2012\/\" \/>\n<meta property=\"og:locale\" content=\"es_ES\" \/>\n<meta property=\"og:type\" content=\"article\" \/>\n<meta property=\"og:title\" content=\"Newsletter Junio 2012 &#8212; An\u00e0lisis Gerencial i de Serveis\" \/>\n<meta property=\"og:description\" content=\"FISCAL Amnist\u00eda fiscal Hasta el 30 de noviembre del 2012 ser\u00e1 posible tributar por las rentas no declaradas hasta el 2010, pagando \u00fanicamente el 10% de su importe, sin recargos ni intereses. Este es el resumen de la noticia que posiblemente habr\u00e1 le\u00eddo una vez aprobada la Orden HAP\/1182\/2012 que aparece publicada en el BOE [&hellip;]\" \/>\n<meta property=\"og:url\" content=\"https:\/\/www.analisisgerencial.cat\/es\/newsletter-junio-2012\/\" \/>\n<meta property=\"og:site_name\" content=\"An\u00e0lisis Gerencial i de Serveis\" \/>\n<meta property=\"article:published_time\" content=\"2012-06-01T11:34:33+00:00\" \/>\n<meta property=\"article:modified_time\" content=\"2025-05-05T10:16:27+00:00\" \/>\n<meta property=\"og:image\" content=\"https:\/\/www.analisisgerencial.cat\/wp-content\/uploads\/2024\/03\/consultoria-ags.jpg\" \/>\n\t<meta property=\"og:image:width\" content=\"1200\" \/>\n\t<meta property=\"og:image:height\" content=\"800\" \/>\n\t<meta property=\"og:image:type\" content=\"image\/jpeg\" \/>\n<meta name=\"author\" content=\"admin\" \/>\n<meta name=\"twitter:card\" content=\"summary_large_image\" \/>\n<meta name=\"twitter:label1\" content=\"Escrito por\" \/>\n\t<meta name=\"twitter:data1\" content=\"admin\" \/>\n\t<meta name=\"twitter:label2\" content=\"Tiempo de lectura\" \/>\n\t<meta name=\"twitter:data2\" content=\"3 minutos\" \/>\n<script type=\"application\/ld+json\" class=\"yoast-schema-graph\">{\"@context\":\"https:\\\/\\\/schema.org\",\"@graph\":[{\"@type\":\"Article\",\"@id\":\"https:\\\/\\\/www.analisisgerencial.cat\\\/es\\\/newsletter-junio-2012\\\/#article\",\"isPartOf\":{\"@id\":\"https:\\\/\\\/www.analisisgerencial.cat\\\/es\\\/newsletter-junio-2012\\\/\"},\"author\":{\"name\":\"admin\",\"@id\":\"https:\\\/\\\/www.analisisgerencial.cat\\\/es\\\/#\\\/schema\\\/person\\\/7c5dd05dac6fdfaa55c0d04171805af6\"},\"headline\":\"Newsletter Junio 2012\",\"datePublished\":\"2012-06-01T11:34:33+00:00\",\"dateModified\":\"2025-05-05T10:16:27+00:00\",\"mainEntityOfPage\":{\"@id\":\"https:\\\/\\\/www.analisisgerencial.cat\\\/es\\\/newsletter-junio-2012\\\/\"},\"wordCount\":591,\"publisher\":{\"@id\":\"https:\\\/\\\/www.analisisgerencial.cat\\\/es\\\/#organization\"},\"articleSection\":[\"AGS Servicio\"],\"inLanguage\":\"es\"},{\"@type\":\"WebPage\",\"@id\":\"https:\\\/\\\/www.analisisgerencial.cat\\\/es\\\/newsletter-junio-2012\\\/\",\"url\":\"https:\\\/\\\/www.analisisgerencial.cat\\\/es\\\/newsletter-junio-2012\\\/\",\"name\":\"Newsletter Junio 2012 &#8212; An\u00e0lisis Gerencial i de Serveis\",\"isPartOf\":{\"@id\":\"https:\\\/\\\/www.analisisgerencial.cat\\\/es\\\/#website\"},\"datePublished\":\"2012-06-01T11:34:33+00:00\",\"dateModified\":\"2025-05-05T10:16:27+00:00\",\"breadcrumb\":{\"@id\":\"https:\\\/\\\/www.analisisgerencial.cat\\\/es\\\/newsletter-junio-2012\\\/#breadcrumb\"},\"inLanguage\":\"es\",\"potentialAction\":[{\"@type\":\"ReadAction\",\"target\":[\"https:\\\/\\\/www.analisisgerencial.cat\\\/es\\\/newsletter-junio-2012\\\/\"]}]},{\"@type\":\"BreadcrumbList\",\"@id\":\"https:\\\/\\\/www.analisisgerencial.cat\\\/es\\\/newsletter-junio-2012\\\/#breadcrumb\",\"itemListElement\":[{\"@type\":\"ListItem\",\"position\":1,\"name\":\"Inici\",\"item\":\"https:\\\/\\\/www.analisisgerencial.cat\\\/es\\\/home\\\/\"},{\"@type\":\"ListItem\",\"position\":2,\"name\":\"Newsletter Junio 2012\"}]},{\"@type\":\"WebSite\",\"@id\":\"https:\\\/\\\/www.analisisgerencial.cat\\\/es\\\/#website\",\"url\":\"https:\\\/\\\/www.analisisgerencial.cat\\\/es\\\/\",\"name\":\"An\u00e1lisis Gerencial\",\"description\":\"Assessoria Fiscal, Laboral i Comptable\",\"publisher\":{\"@id\":\"https:\\\/\\\/www.analisisgerencial.cat\\\/es\\\/#organization\"},\"alternateName\":\"AGS Servei\",\"potentialAction\":[{\"@type\":\"SearchAction\",\"target\":{\"@type\":\"EntryPoint\",\"urlTemplate\":\"https:\\\/\\\/www.analisisgerencial.cat\\\/es\\\/?s={search_term_string}\"},\"query-input\":{\"@type\":\"PropertyValueSpecification\",\"valueRequired\":true,\"valueName\":\"search_term_string\"}}],\"inLanguage\":\"es\"},{\"@type\":\"Organization\",\"@id\":\"https:\\\/\\\/www.analisisgerencial.cat\\\/es\\\/#organization\",\"name\":\"An\u00e1lisis Gerencial\",\"alternateName\":\"AGS Servei\",\"url\":\"https:\\\/\\\/www.analisisgerencial.cat\\\/es\\\/\",\"logo\":{\"@type\":\"ImageObject\",\"inLanguage\":\"es\",\"@id\":\"https:\\\/\\\/www.analisisgerencial.cat\\\/es\\\/#\\\/schema\\\/logo\\\/image\\\/\",\"url\":\"https:\\\/\\\/www.analisisgerencial.cat\\\/wp-content\\\/uploads\\\/2023\\\/12\\\/Logo-AGS.png\",\"contentUrl\":\"https:\\\/\\\/www.analisisgerencial.cat\\\/wp-content\\\/uploads\\\/2023\\\/12\\\/Logo-AGS.png\",\"width\":1575,\"height\":531,\"caption\":\"An\u00e1lisis Gerencial\"},\"image\":{\"@id\":\"https:\\\/\\\/www.analisisgerencial.cat\\\/es\\\/#\\\/schema\\\/logo\\\/image\\\/\"}},{\"@type\":\"Person\",\"@id\":\"https:\\\/\\\/www.analisisgerencial.cat\\\/es\\\/#\\\/schema\\\/person\\\/7c5dd05dac6fdfaa55c0d04171805af6\",\"name\":\"admin\",\"image\":{\"@type\":\"ImageObject\",\"inLanguage\":\"es\",\"@id\":\"https:\\\/\\\/secure.gravatar.com\\\/avatar\\\/199378a53d8fd332facfa626e26765b3f6735a75e9c056e80bd62b6a88afc8ce?s=96&d=mm&r=g\",\"url\":\"https:\\\/\\\/secure.gravatar.com\\\/avatar\\\/199378a53d8fd332facfa626e26765b3f6735a75e9c056e80bd62b6a88afc8ce?s=96&d=mm&r=g\",\"contentUrl\":\"https:\\\/\\\/secure.gravatar.com\\\/avatar\\\/199378a53d8fd332facfa626e26765b3f6735a75e9c056e80bd62b6a88afc8ce?s=96&d=mm&r=g\",\"caption\":\"admin\"},\"sameAs\":[\"https:\\\/\\\/www.analisisgerencial.cat\"]}]}<\/script>\n<!-- \/ Yoast SEO plugin. -->","yoast_head_json":{"title":"Newsletter Junio 2012 &#8212; An\u00e0lisis Gerencial i de Serveis","robots":{"index":"index","follow":"follow","max-snippet":"max-snippet:-1","max-image-preview":"max-image-preview:large","max-video-preview":"max-video-preview:-1"},"canonical":"https:\/\/www.analisisgerencial.cat\/es\/newsletter-junio-2012\/","og_locale":"es_ES","og_type":"article","og_title":"Newsletter Junio 2012 &#8212; An\u00e0lisis Gerencial i de Serveis","og_description":"FISCAL Amnist\u00eda fiscal Hasta el 30 de noviembre del 2012 ser\u00e1 posible tributar por las rentas no declaradas hasta el 2010, pagando \u00fanicamente el 10% de su importe, sin recargos ni intereses. Este es el resumen de la noticia que posiblemente habr\u00e1 le\u00eddo una vez aprobada la Orden HAP\/1182\/2012 que aparece publicada en el BOE [&hellip;]","og_url":"https:\/\/www.analisisgerencial.cat\/es\/newsletter-junio-2012\/","og_site_name":"An\u00e0lisis Gerencial i de Serveis","article_published_time":"2012-06-01T11:34:33+00:00","article_modified_time":"2025-05-05T10:16:27+00:00","og_image":[{"width":1200,"height":800,"url":"https:\/\/www.analisisgerencial.cat\/wp-content\/uploads\/2024\/03\/consultoria-ags.jpg","type":"image\/jpeg"}],"author":"admin","twitter_card":"summary_large_image","twitter_misc":{"Escrito por":"admin","Tiempo de lectura":"3 minutos"},"schema":{"@context":"https:\/\/schema.org","@graph":[{"@type":"Article","@id":"https:\/\/www.analisisgerencial.cat\/es\/newsletter-junio-2012\/#article","isPartOf":{"@id":"https:\/\/www.analisisgerencial.cat\/es\/newsletter-junio-2012\/"},"author":{"name":"admin","@id":"https:\/\/www.analisisgerencial.cat\/es\/#\/schema\/person\/7c5dd05dac6fdfaa55c0d04171805af6"},"headline":"Newsletter Junio 2012","datePublished":"2012-06-01T11:34:33+00:00","dateModified":"2025-05-05T10:16:27+00:00","mainEntityOfPage":{"@id":"https:\/\/www.analisisgerencial.cat\/es\/newsletter-junio-2012\/"},"wordCount":591,"publisher":{"@id":"https:\/\/www.analisisgerencial.cat\/es\/#organization"},"articleSection":["AGS Servicio"],"inLanguage":"es"},{"@type":"WebPage","@id":"https:\/\/www.analisisgerencial.cat\/es\/newsletter-junio-2012\/","url":"https:\/\/www.analisisgerencial.cat\/es\/newsletter-junio-2012\/","name":"Newsletter Junio 2012 &#8212; An\u00e0lisis Gerencial i de Serveis","isPartOf":{"@id":"https:\/\/www.analisisgerencial.cat\/es\/#website"},"datePublished":"2012-06-01T11:34:33+00:00","dateModified":"2025-05-05T10:16:27+00:00","breadcrumb":{"@id":"https:\/\/www.analisisgerencial.cat\/es\/newsletter-junio-2012\/#breadcrumb"},"inLanguage":"es","potentialAction":[{"@type":"ReadAction","target":["https:\/\/www.analisisgerencial.cat\/es\/newsletter-junio-2012\/"]}]},{"@type":"BreadcrumbList","@id":"https:\/\/www.analisisgerencial.cat\/es\/newsletter-junio-2012\/#breadcrumb","itemListElement":[{"@type":"ListItem","position":1,"name":"Inici","item":"https:\/\/www.analisisgerencial.cat\/es\/home\/"},{"@type":"ListItem","position":2,"name":"Newsletter Junio 2012"}]},{"@type":"WebSite","@id":"https:\/\/www.analisisgerencial.cat\/es\/#website","url":"https:\/\/www.analisisgerencial.cat\/es\/","name":"An\u00e1lisis Gerencial","description":"Assessoria Fiscal, Laboral i Comptable","publisher":{"@id":"https:\/\/www.analisisgerencial.cat\/es\/#organization"},"alternateName":"AGS Servei","potentialAction":[{"@type":"SearchAction","target":{"@type":"EntryPoint","urlTemplate":"https:\/\/www.analisisgerencial.cat\/es\/?s={search_term_string}"},"query-input":{"@type":"PropertyValueSpecification","valueRequired":true,"valueName":"search_term_string"}}],"inLanguage":"es"},{"@type":"Organization","@id":"https:\/\/www.analisisgerencial.cat\/es\/#organization","name":"An\u00e1lisis Gerencial","alternateName":"AGS Servei","url":"https:\/\/www.analisisgerencial.cat\/es\/","logo":{"@type":"ImageObject","inLanguage":"es","@id":"https:\/\/www.analisisgerencial.cat\/es\/#\/schema\/logo\/image\/","url":"https:\/\/www.analisisgerencial.cat\/wp-content\/uploads\/2023\/12\/Logo-AGS.png","contentUrl":"https:\/\/www.analisisgerencial.cat\/wp-content\/uploads\/2023\/12\/Logo-AGS.png","width":1575,"height":531,"caption":"An\u00e1lisis Gerencial"},"image":{"@id":"https:\/\/www.analisisgerencial.cat\/es\/#\/schema\/logo\/image\/"}},{"@type":"Person","@id":"https:\/\/www.analisisgerencial.cat\/es\/#\/schema\/person\/7c5dd05dac6fdfaa55c0d04171805af6","name":"admin","image":{"@type":"ImageObject","inLanguage":"es","@id":"https:\/\/secure.gravatar.com\/avatar\/199378a53d8fd332facfa626e26765b3f6735a75e9c056e80bd62b6a88afc8ce?s=96&d=mm&r=g","url":"https:\/\/secure.gravatar.com\/avatar\/199378a53d8fd332facfa626e26765b3f6735a75e9c056e80bd62b6a88afc8ce?s=96&d=mm&r=g","contentUrl":"https:\/\/secure.gravatar.com\/avatar\/199378a53d8fd332facfa626e26765b3f6735a75e9c056e80bd62b6a88afc8ce?s=96&d=mm&r=g","caption":"admin"},"sameAs":["https:\/\/www.analisisgerencial.cat"]}]}},"_links":{"self":[{"href":"https:\/\/www.analisisgerencial.cat\/es\/wp-json\/wp\/v2\/posts\/2859","targetHints":{"allow":["GET"]}}],"collection":[{"href":"https:\/\/www.analisisgerencial.cat\/es\/wp-json\/wp\/v2\/posts"}],"about":[{"href":"https:\/\/www.analisisgerencial.cat\/es\/wp-json\/wp\/v2\/types\/post"}],"author":[{"embeddable":true,"href":"https:\/\/www.analisisgerencial.cat\/es\/wp-json\/wp\/v2\/users\/1"}],"replies":[{"embeddable":true,"href":"https:\/\/www.analisisgerencial.cat\/es\/wp-json\/wp\/v2\/comments?post=2859"}],"version-history":[{"count":0,"href":"https:\/\/www.analisisgerencial.cat\/es\/wp-json\/wp\/v2\/posts\/2859\/revisions"}],"wp:attachment":[{"href":"https:\/\/www.analisisgerencial.cat\/es\/wp-json\/wp\/v2\/media?parent=2859"}],"wp:term":[{"taxonomy":"category","embeddable":true,"href":"https:\/\/www.analisisgerencial.cat\/es\/wp-json\/wp\/v2\/categories?post=2859"},{"taxonomy":"post_tag","embeddable":true,"href":"https:\/\/www.analisisgerencial.cat\/es\/wp-json\/wp\/v2\/tags?post=2859"}],"curies":[{"name":"wp","href":"https:\/\/api.w.org\/{rel}","templated":true}]}}