{"id":2855,"date":"2013-03-01T13:25:19","date_gmt":"2013-03-01T12:25:19","guid":{"rendered":"https:\/\/www.analisisgerencial.cat\/contabilidad-profesional-individual\/"},"modified":"2025-05-05T12:16:25","modified_gmt":"2025-05-05T10:16:25","slug":"contabilidad-profesional-individual","status":"publish","type":"post","link":"https:\/\/www.analisisgerencial.cat\/es\/contabilidad-profesional-individual\/","title":{"rendered":"CONTABILIDAD PROFESIONAL INDIVIDUAL"},"content":{"rendered":"<p class=\"texto_noticia\">FISCAL<br \/>\nPrecisiones para llevar correctamente la contabilidad de un empresario o profesional individual<br \/>\nCualquier actividad econ\u00f3mica obliga a registrar contablemente sus operaciones, inclusive si se trata de un empresario o profesional individual. Estas obligaciones difieren dependiendo del r\u00e9gimen de estimaci\u00f3n de sus resultados y afectan tanto al propietario de una cl\u00ednica dental, a los socios de sociedades civiles (SCP&#8217;s, CB&#8217;s, ..) y, muy importante, tambi\u00e9n a los profesionales que act\u00faan como \u00abcolaboradores\u00bb para otros profesionales o cl\u00ednicas.<br \/>\nRecordemos una vez m\u00e1s que el concepto de profesional independiente se caracteriza, entre otras cosas, por gestionar sus propios recursos y por lo tanto no puede conformarse a que le entreguen una factura mensual, con su retenci\u00f3n, en el centro donde colabora como si fuera el equivalente de una n\u00f3mina, y esperar a presentar la declaraci\u00f3n anual de IRPF a partir de las certificaciones de ingresos y retenciones que le hacen llegar los diferentes centros.<br \/>\nVolviendo a las obligaciones registrales&#8230;<br \/>\n1. Si est\u00e1 acogido al r\u00e9gimen de Estimaci\u00f3n Directa Normal (aut\u00f3nomos que facturen m\u00e1s de 600.000 euros anuales), se deber\u00e1 llevar la contabilidad ajustada a las normas del Plan de Contabilidad como si se tratara de una sociedad mercantil. Es un caso poco frecuente en cl\u00ednicas dentales regentadas por un \u00fanico profesional.<br \/>\n2. Si est\u00e1 acogido al r\u00e9gimen de Estimaci\u00f3n Directa Simplificada EDS (caso habitual de los profesionales de la odontoestomatolog\u00eda), es obligatorio llevar los Libros de Registro de Ingresos, Gastos y el de Bienes de Inversi\u00f3n (para los activos que se deben amortizar).  Raramente deber\u00e1n llevar en esta profesi\u00f3n un Libro de Provisiones de Fondos y Suplidos.<br \/>\nComo apunt\u00e1bamos en el segundo p\u00e1rrafo, aunque se declaren el resumen de ingresos y gastos en la Declaraci\u00f3n anual del IRPF, es preciso que se contabilicen y anoten todas las operaciones (ingresos, gastos e inversiones en activos) para evitarse sorpresas y sanciones en caso de darse una inspecci\u00f3n o comprobaci\u00f3n tributaria.<br \/>\n\u2022 Caso 1: no se han contabilizado facturas en el libro de registro<br \/>\nNo se admite la deducci\u00f3n de un gasto si \u00e9ste no est\u00e1 contabilizado en el Libro de Gastos, aunque despu\u00e9s se hubiera \u00aba\u00f1adido\u00bb al hacer la declaraci\u00f3n de IRPF. Si hay que eliminar gastos incluidos en la declaraci\u00f3n de la renta pero que no est\u00e1n en el correspondiente libro de registro, la sanci\u00f3n puede llegar al 150% de la cantidad dejada de ingresar debido a existir un mayor beneficio fiscal (Ley 58\/2003 General Tributaria)<br \/>\n\u2022 Caso 2: contabilidad incorrecta<br \/>\nLa inexactitud u omisi\u00f3n de operaciones en la contabilidad que aparece en los Libros de Registro comporta una sanci\u00f3n del 1% de los cargos, con un m\u00ednimo de 150 euros y un m\u00e1ximo de 6.000 euros<br \/>\nSi debido a una incorrecta contabilizaci\u00f3n de gastos, por ejemplo eliminar gastos que no sean deducibles, la cuota a pagar de IRPF sea superior, existir\u00e1 una sanci\u00f3n proporcional entre el 50% al 150% sobre la cuant\u00eda no ingresada (en este caso no se aplicar\u00eda lo expuesto en el p\u00e1rrafo anterior, porque una misma infracci\u00f3n no puede ser sancionada dos veces)<br \/>\nUn retraso de m\u00e1s de cuatro meses en la llevanza de la contabilidad conlleva una sanci\u00f3n de 300 euros.<br \/>\nLABORAL<br \/>\nLa Seguridad Social podr\u00e1 embargar por medios telem\u00e1ticos importes superiores a 4.000 euros.<br \/>\nLa Tesorer\u00eda General de la Seguridad Social a partir del 1 de marzo de 2013 podr\u00e1 embargar, por medios telem\u00e1ticos, en las cuentas abiertas en entidades financieras a sus deudores, sea cual sea su importe (incluidos recargos, intereses y costas), sin la limitaci\u00f3n que hasta la fecha exist\u00eda de 4.000\u20ac.<br \/>\nEsta medida va acompa\u00f1ada de la exigencia a las entidades financieras colaboradoras para acorten los plazos de informaci\u00f3n a la Tesorer\u00eda de la Seguridad Social para que \u00e9sta pueda agilizar los procedimientos de cobro y\/o ejecuci\u00f3n.<br \/>\nEquipo AGS Servei COEC para los colegiados<br \/>\nPara consultas o aclaraciones singulares, contactar con AGS Servei COEC &#8211; la Asesor\u00eda Laboral, Fiscal y Contable para los colegiados &#8211; sita en la 4\u00aa planta del Colegio &#8211; llamando al 93 304 19 20 o por email <a href=\"mailto:ags.fiscal@coec.net\">ags.fiscal@coec.net<\/a> para concertar una cita si es preciso. Nueva p\u00e1gina web <a href=\"http:\/\/www.analisisgerencial.cat\/\">http:\/\/www.analisisgerencial.cat\/<\/a><\/p>\n","protected":false},"excerpt":{"rendered":"<p>FISCAL Precisiones para llevar correctamente la contabilidad de un empresario o profesional individual Cualquier actividad econ\u00f3mica obliga a registrar contablemente sus operaciones, inclusive si se trata de un empresario o profesional individual. Estas obligaciones difieren dependiendo del r\u00e9gimen de estimaci\u00f3n de sus resultados y afectan tanto al propietario de una cl\u00ednica dental, a los socios [&hellip;]<\/p>\n","protected":false},"author":1,"featured_media":0,"comment_status":"closed","ping_status":"open","sticky":false,"template":"","format":"standard","meta":{"footnotes":""},"categories":[18],"tags":[],"class_list":["post-2855","post","type-post","status-publish","format-standard","hentry","category-ags-servicio"],"yoast_head":"<!-- This site is optimized with the Yoast SEO plugin v27.3 - https:\/\/yoast.com\/product\/yoast-seo-wordpress\/ -->\n<title>CONTABILIDAD PROFESIONAL INDIVIDUAL &#8212; An\u00e0lisis Gerencial i de Serveis<\/title>\n<meta name=\"robots\" content=\"index, follow, max-snippet:-1, max-image-preview:large, max-video-preview:-1\" \/>\n<link rel=\"canonical\" href=\"https:\/\/www.analisisgerencial.cat\/es\/contabilidad-profesional-individual\/\" \/>\n<meta property=\"og:locale\" content=\"es_ES\" \/>\n<meta property=\"og:type\" content=\"article\" \/>\n<meta property=\"og:title\" content=\"CONTABILIDAD PROFESIONAL INDIVIDUAL &#8212; An\u00e0lisis Gerencial i de Serveis\" \/>\n<meta property=\"og:description\" content=\"FISCAL Precisiones para llevar correctamente la contabilidad de un empresario o profesional individual Cualquier actividad econ\u00f3mica obliga a registrar contablemente sus operaciones, inclusive si se trata de un empresario o profesional individual. Estas obligaciones difieren dependiendo del r\u00e9gimen de estimaci\u00f3n de sus resultados y afectan tanto al propietario de una cl\u00ednica dental, a los socios [&hellip;]\" \/>\n<meta property=\"og:url\" content=\"https:\/\/www.analisisgerencial.cat\/es\/contabilidad-profesional-individual\/\" \/>\n<meta property=\"og:site_name\" content=\"An\u00e0lisis Gerencial i de Serveis\" \/>\n<meta property=\"article:published_time\" content=\"2013-03-01T12:25:19+00:00\" \/>\n<meta property=\"article:modified_time\" content=\"2025-05-05T10:16:25+00:00\" \/>\n<meta property=\"og:image\" content=\"https:\/\/www.analisisgerencial.cat\/wp-content\/uploads\/2024\/03\/consultoria-ags.jpg\" \/>\n\t<meta property=\"og:image:width\" content=\"1200\" \/>\n\t<meta property=\"og:image:height\" content=\"800\" \/>\n\t<meta property=\"og:image:type\" content=\"image\/jpeg\" \/>\n<meta name=\"author\" content=\"admin\" \/>\n<meta name=\"twitter:card\" content=\"summary_large_image\" \/>\n<meta name=\"twitter:label1\" content=\"Escrito por\" \/>\n\t<meta name=\"twitter:data1\" content=\"admin\" \/>\n\t<meta name=\"twitter:label2\" content=\"Tiempo de lectura\" \/>\n\t<meta name=\"twitter:data2\" content=\"4 minutos\" \/>\n<script type=\"application\/ld+json\" class=\"yoast-schema-graph\">{\"@context\":\"https:\\\/\\\/schema.org\",\"@graph\":[{\"@type\":\"Article\",\"@id\":\"https:\\\/\\\/www.analisisgerencial.cat\\\/es\\\/contabilidad-profesional-individual\\\/#article\",\"isPartOf\":{\"@id\":\"https:\\\/\\\/www.analisisgerencial.cat\\\/es\\\/contabilidad-profesional-individual\\\/\"},\"author\":{\"name\":\"admin\",\"@id\":\"https:\\\/\\\/www.analisisgerencial.cat\\\/es\\\/#\\\/schema\\\/person\\\/7c5dd05dac6fdfaa55c0d04171805af6\"},\"headline\":\"CONTABILIDAD PROFESIONAL INDIVIDUAL\",\"datePublished\":\"2013-03-01T12:25:19+00:00\",\"dateModified\":\"2025-05-05T10:16:25+00:00\",\"mainEntityOfPage\":{\"@id\":\"https:\\\/\\\/www.analisisgerencial.cat\\\/es\\\/contabilidad-profesional-individual\\\/\"},\"wordCount\":724,\"publisher\":{\"@id\":\"https:\\\/\\\/www.analisisgerencial.cat\\\/es\\\/#organization\"},\"articleSection\":[\"AGS Servicio\"],\"inLanguage\":\"es\"},{\"@type\":\"WebPage\",\"@id\":\"https:\\\/\\\/www.analisisgerencial.cat\\\/es\\\/contabilidad-profesional-individual\\\/\",\"url\":\"https:\\\/\\\/www.analisisgerencial.cat\\\/es\\\/contabilidad-profesional-individual\\\/\",\"name\":\"CONTABILIDAD PROFESIONAL INDIVIDUAL &#8212; An\u00e0lisis Gerencial i de Serveis\",\"isPartOf\":{\"@id\":\"https:\\\/\\\/www.analisisgerencial.cat\\\/es\\\/#website\"},\"datePublished\":\"2013-03-01T12:25:19+00:00\",\"dateModified\":\"2025-05-05T10:16:25+00:00\",\"breadcrumb\":{\"@id\":\"https:\\\/\\\/www.analisisgerencial.cat\\\/es\\\/contabilidad-profesional-individual\\\/#breadcrumb\"},\"inLanguage\":\"es\",\"potentialAction\":[{\"@type\":\"ReadAction\",\"target\":[\"https:\\\/\\\/www.analisisgerencial.cat\\\/es\\\/contabilidad-profesional-individual\\\/\"]}]},{\"@type\":\"BreadcrumbList\",\"@id\":\"https:\\\/\\\/www.analisisgerencial.cat\\\/es\\\/contabilidad-profesional-individual\\\/#breadcrumb\",\"itemListElement\":[{\"@type\":\"ListItem\",\"position\":1,\"name\":\"Inici\",\"item\":\"https:\\\/\\\/www.analisisgerencial.cat\\\/es\\\/home\\\/\"},{\"@type\":\"ListItem\",\"position\":2,\"name\":\"CONTABILIDAD PROFESIONAL INDIVIDUAL\"}]},{\"@type\":\"WebSite\",\"@id\":\"https:\\\/\\\/www.analisisgerencial.cat\\\/es\\\/#website\",\"url\":\"https:\\\/\\\/www.analisisgerencial.cat\\\/es\\\/\",\"name\":\"An\u00e1lisis Gerencial\",\"description\":\"Assessoria Fiscal, Laboral i Comptable\",\"publisher\":{\"@id\":\"https:\\\/\\\/www.analisisgerencial.cat\\\/es\\\/#organization\"},\"alternateName\":\"AGS Servei\",\"potentialAction\":[{\"@type\":\"SearchAction\",\"target\":{\"@type\":\"EntryPoint\",\"urlTemplate\":\"https:\\\/\\\/www.analisisgerencial.cat\\\/es\\\/?s={search_term_string}\"},\"query-input\":{\"@type\":\"PropertyValueSpecification\",\"valueRequired\":true,\"valueName\":\"search_term_string\"}}],\"inLanguage\":\"es\"},{\"@type\":\"Organization\",\"@id\":\"https:\\\/\\\/www.analisisgerencial.cat\\\/es\\\/#organization\",\"name\":\"An\u00e1lisis Gerencial\",\"alternateName\":\"AGS Servei\",\"url\":\"https:\\\/\\\/www.analisisgerencial.cat\\\/es\\\/\",\"logo\":{\"@type\":\"ImageObject\",\"inLanguage\":\"es\",\"@id\":\"https:\\\/\\\/www.analisisgerencial.cat\\\/es\\\/#\\\/schema\\\/logo\\\/image\\\/\",\"url\":\"https:\\\/\\\/www.analisisgerencial.cat\\\/wp-content\\\/uploads\\\/2023\\\/12\\\/Logo-AGS.png\",\"contentUrl\":\"https:\\\/\\\/www.analisisgerencial.cat\\\/wp-content\\\/uploads\\\/2023\\\/12\\\/Logo-AGS.png\",\"width\":1575,\"height\":531,\"caption\":\"An\u00e1lisis Gerencial\"},\"image\":{\"@id\":\"https:\\\/\\\/www.analisisgerencial.cat\\\/es\\\/#\\\/schema\\\/logo\\\/image\\\/\"}},{\"@type\":\"Person\",\"@id\":\"https:\\\/\\\/www.analisisgerencial.cat\\\/es\\\/#\\\/schema\\\/person\\\/7c5dd05dac6fdfaa55c0d04171805af6\",\"name\":\"admin\",\"image\":{\"@type\":\"ImageObject\",\"inLanguage\":\"es\",\"@id\":\"https:\\\/\\\/secure.gravatar.com\\\/avatar\\\/199378a53d8fd332facfa626e26765b3f6735a75e9c056e80bd62b6a88afc8ce?s=96&d=mm&r=g\",\"url\":\"https:\\\/\\\/secure.gravatar.com\\\/avatar\\\/199378a53d8fd332facfa626e26765b3f6735a75e9c056e80bd62b6a88afc8ce?s=96&d=mm&r=g\",\"contentUrl\":\"https:\\\/\\\/secure.gravatar.com\\\/avatar\\\/199378a53d8fd332facfa626e26765b3f6735a75e9c056e80bd62b6a88afc8ce?s=96&d=mm&r=g\",\"caption\":\"admin\"},\"sameAs\":[\"https:\\\/\\\/www.analisisgerencial.cat\"]}]}<\/script>\n<!-- \/ Yoast SEO plugin. -->","yoast_head_json":{"title":"CONTABILIDAD PROFESIONAL INDIVIDUAL &#8212; An\u00e0lisis Gerencial i de Serveis","robots":{"index":"index","follow":"follow","max-snippet":"max-snippet:-1","max-image-preview":"max-image-preview:large","max-video-preview":"max-video-preview:-1"},"canonical":"https:\/\/www.analisisgerencial.cat\/es\/contabilidad-profesional-individual\/","og_locale":"es_ES","og_type":"article","og_title":"CONTABILIDAD PROFESIONAL INDIVIDUAL &#8212; An\u00e0lisis Gerencial i de Serveis","og_description":"FISCAL Precisiones para llevar correctamente la contabilidad de un empresario o profesional individual Cualquier actividad econ\u00f3mica obliga a registrar contablemente sus operaciones, inclusive si se trata de un empresario o profesional individual. Estas obligaciones difieren dependiendo del r\u00e9gimen de estimaci\u00f3n de sus resultados y afectan tanto al propietario de una cl\u00ednica dental, a los socios [&hellip;]","og_url":"https:\/\/www.analisisgerencial.cat\/es\/contabilidad-profesional-individual\/","og_site_name":"An\u00e0lisis Gerencial i de Serveis","article_published_time":"2013-03-01T12:25:19+00:00","article_modified_time":"2025-05-05T10:16:25+00:00","og_image":[{"width":1200,"height":800,"url":"https:\/\/www.analisisgerencial.cat\/wp-content\/uploads\/2024\/03\/consultoria-ags.jpg","type":"image\/jpeg"}],"author":"admin","twitter_card":"summary_large_image","twitter_misc":{"Escrito por":"admin","Tiempo de lectura":"4 minutos"},"schema":{"@context":"https:\/\/schema.org","@graph":[{"@type":"Article","@id":"https:\/\/www.analisisgerencial.cat\/es\/contabilidad-profesional-individual\/#article","isPartOf":{"@id":"https:\/\/www.analisisgerencial.cat\/es\/contabilidad-profesional-individual\/"},"author":{"name":"admin","@id":"https:\/\/www.analisisgerencial.cat\/es\/#\/schema\/person\/7c5dd05dac6fdfaa55c0d04171805af6"},"headline":"CONTABILIDAD PROFESIONAL INDIVIDUAL","datePublished":"2013-03-01T12:25:19+00:00","dateModified":"2025-05-05T10:16:25+00:00","mainEntityOfPage":{"@id":"https:\/\/www.analisisgerencial.cat\/es\/contabilidad-profesional-individual\/"},"wordCount":724,"publisher":{"@id":"https:\/\/www.analisisgerencial.cat\/es\/#organization"},"articleSection":["AGS Servicio"],"inLanguage":"es"},{"@type":"WebPage","@id":"https:\/\/www.analisisgerencial.cat\/es\/contabilidad-profesional-individual\/","url":"https:\/\/www.analisisgerencial.cat\/es\/contabilidad-profesional-individual\/","name":"CONTABILIDAD PROFESIONAL INDIVIDUAL &#8212; An\u00e0lisis Gerencial i de Serveis","isPartOf":{"@id":"https:\/\/www.analisisgerencial.cat\/es\/#website"},"datePublished":"2013-03-01T12:25:19+00:00","dateModified":"2025-05-05T10:16:25+00:00","breadcrumb":{"@id":"https:\/\/www.analisisgerencial.cat\/es\/contabilidad-profesional-individual\/#breadcrumb"},"inLanguage":"es","potentialAction":[{"@type":"ReadAction","target":["https:\/\/www.analisisgerencial.cat\/es\/contabilidad-profesional-individual\/"]}]},{"@type":"BreadcrumbList","@id":"https:\/\/www.analisisgerencial.cat\/es\/contabilidad-profesional-individual\/#breadcrumb","itemListElement":[{"@type":"ListItem","position":1,"name":"Inici","item":"https:\/\/www.analisisgerencial.cat\/es\/home\/"},{"@type":"ListItem","position":2,"name":"CONTABILIDAD PROFESIONAL INDIVIDUAL"}]},{"@type":"WebSite","@id":"https:\/\/www.analisisgerencial.cat\/es\/#website","url":"https:\/\/www.analisisgerencial.cat\/es\/","name":"An\u00e1lisis Gerencial","description":"Assessoria Fiscal, Laboral i Comptable","publisher":{"@id":"https:\/\/www.analisisgerencial.cat\/es\/#organization"},"alternateName":"AGS Servei","potentialAction":[{"@type":"SearchAction","target":{"@type":"EntryPoint","urlTemplate":"https:\/\/www.analisisgerencial.cat\/es\/?s={search_term_string}"},"query-input":{"@type":"PropertyValueSpecification","valueRequired":true,"valueName":"search_term_string"}}],"inLanguage":"es"},{"@type":"Organization","@id":"https:\/\/www.analisisgerencial.cat\/es\/#organization","name":"An\u00e1lisis Gerencial","alternateName":"AGS Servei","url":"https:\/\/www.analisisgerencial.cat\/es\/","logo":{"@type":"ImageObject","inLanguage":"es","@id":"https:\/\/www.analisisgerencial.cat\/es\/#\/schema\/logo\/image\/","url":"https:\/\/www.analisisgerencial.cat\/wp-content\/uploads\/2023\/12\/Logo-AGS.png","contentUrl":"https:\/\/www.analisisgerencial.cat\/wp-content\/uploads\/2023\/12\/Logo-AGS.png","width":1575,"height":531,"caption":"An\u00e1lisis Gerencial"},"image":{"@id":"https:\/\/www.analisisgerencial.cat\/es\/#\/schema\/logo\/image\/"}},{"@type":"Person","@id":"https:\/\/www.analisisgerencial.cat\/es\/#\/schema\/person\/7c5dd05dac6fdfaa55c0d04171805af6","name":"admin","image":{"@type":"ImageObject","inLanguage":"es","@id":"https:\/\/secure.gravatar.com\/avatar\/199378a53d8fd332facfa626e26765b3f6735a75e9c056e80bd62b6a88afc8ce?s=96&d=mm&r=g","url":"https:\/\/secure.gravatar.com\/avatar\/199378a53d8fd332facfa626e26765b3f6735a75e9c056e80bd62b6a88afc8ce?s=96&d=mm&r=g","contentUrl":"https:\/\/secure.gravatar.com\/avatar\/199378a53d8fd332facfa626e26765b3f6735a75e9c056e80bd62b6a88afc8ce?s=96&d=mm&r=g","caption":"admin"},"sameAs":["https:\/\/www.analisisgerencial.cat"]}]}},"_links":{"self":[{"href":"https:\/\/www.analisisgerencial.cat\/es\/wp-json\/wp\/v2\/posts\/2855","targetHints":{"allow":["GET"]}}],"collection":[{"href":"https:\/\/www.analisisgerencial.cat\/es\/wp-json\/wp\/v2\/posts"}],"about":[{"href":"https:\/\/www.analisisgerencial.cat\/es\/wp-json\/wp\/v2\/types\/post"}],"author":[{"embeddable":true,"href":"https:\/\/www.analisisgerencial.cat\/es\/wp-json\/wp\/v2\/users\/1"}],"replies":[{"embeddable":true,"href":"https:\/\/www.analisisgerencial.cat\/es\/wp-json\/wp\/v2\/comments?post=2855"}],"version-history":[{"count":0,"href":"https:\/\/www.analisisgerencial.cat\/es\/wp-json\/wp\/v2\/posts\/2855\/revisions"}],"wp:attachment":[{"href":"https:\/\/www.analisisgerencial.cat\/es\/wp-json\/wp\/v2\/media?parent=2855"}],"wp:term":[{"taxonomy":"category","embeddable":true,"href":"https:\/\/www.analisisgerencial.cat\/es\/wp-json\/wp\/v2\/categories?post=2855"},{"taxonomy":"post_tag","embeddable":true,"href":"https:\/\/www.analisisgerencial.cat\/es\/wp-json\/wp\/v2\/tags?post=2855"}],"curies":[{"name":"wp","href":"https:\/\/api.w.org\/{rel}","templated":true}]}}