{"id":2850,"date":"2015-01-01T13:15:43","date_gmt":"2015-01-01T12:15:43","guid":{"rendered":"https:\/\/www.analisisgerencial.cat\/reforma-fiscal-2015\/"},"modified":"2025-05-05T12:16:24","modified_gmt":"2025-05-05T10:16:24","slug":"reforma-fiscal-2015","status":"publish","type":"post","link":"https:\/\/www.analisisgerencial.cat\/es\/reforma-fiscal-2015\/","title":{"rendered":"REFORMA FISCAL 2015"},"content":{"rendered":"<p class=\"texto_noticia\"><strong>Reforma Fiscal 2015<\/strong> Han sido muchas las modificaciones que ha publicado recientemente el Gobierno en materia Fiscal (BOE 28-11-2014), y que afectan principalmente a la Ley del IRPF, a la Ley del Impuesto de Sociedades y a la Ley del IVA. A modo de resumen, detallamos aquellas que entendemos pueden afectar m\u00e1s directamente al colectivo de profesionales de la odontolog\u00eda, y que en su gran mayor\u00eda han entrado en vigor a partir del 1 de enero del 2015.<\/p>\n<p><a href=\"https:\/\/www.analisisgerencial.cat\/wp-content\/uploads\/2016\/09\/Noticies-web-AGS-Gener-2015-FISCAL-Reforma-Fiscal.pdf\" target=\"_blank\" rel=\"noopener\"><img decoding=\"async\" class=\"alignnone wp-image-1531 \" src=\"https:\/\/www.analisisgerencial.cat\/wp-content\/uploads\/2016\/09\/PDF_logo-66x66-1.png\" alt=\"documento_icono\" width=\"35\" height=\"35\">M\u00e1s informaci\u00f3n<\/a><\/p>\n","protected":false},"excerpt":{"rendered":"<p>Reforma Fiscal 2015 Han sido muchas las modificaciones que ha publicado recientemente el Gobierno en materia Fiscal (BOE 28-11-2014), y que afectan principalmente a la Ley del IRPF, a la Ley del Impuesto de Sociedades y a la Ley del IVA. A modo de resumen, detallamos aquellas que entendemos pueden afectar m\u00e1s directamente al colectivo [&hellip;]<\/p>\n","protected":false},"author":1,"featured_media":0,"comment_status":"closed","ping_status":"open","sticky":false,"template":"","format":"standard","meta":{"footnotes":""},"categories":[18],"tags":[],"class_list":["post-2850","post","type-post","status-publish","format-standard","hentry","category-ags-servicio"],"yoast_head":"<!-- This site is optimized with the Yoast SEO plugin v27.3 - https:\/\/yoast.com\/product\/yoast-seo-wordpress\/ -->\n<title>REFORMA FISCAL 2015 &#8212; An\u00e0lisis Gerencial i de Serveis<\/title>\n<meta name=\"robots\" content=\"index, follow, max-snippet:-1, max-image-preview:large, max-video-preview:-1\" \/>\n<link rel=\"canonical\" href=\"https:\/\/www.analisisgerencial.cat\/es\/reforma-fiscal-2015\/\" \/>\n<meta property=\"og:locale\" content=\"es_ES\" \/>\n<meta property=\"og:type\" content=\"article\" \/>\n<meta property=\"og:title\" content=\"REFORMA FISCAL 2015 &#8212; An\u00e0lisis Gerencial i de Serveis\" \/>\n<meta property=\"og:description\" content=\"Reforma Fiscal 2015 Han sido muchas las modificaciones que ha publicado recientemente el Gobierno en materia Fiscal (BOE 28-11-2014), y que afectan principalmente a la Ley del IRPF, a la Ley del Impuesto de Sociedades y a la Ley del IVA. A modo de resumen, detallamos aquellas que entendemos pueden afectar m\u00e1s directamente al colectivo [&hellip;]\" \/>\n<meta property=\"og:url\" content=\"https:\/\/www.analisisgerencial.cat\/es\/reforma-fiscal-2015\/\" \/>\n<meta property=\"og:site_name\" content=\"An\u00e0lisis Gerencial i de Serveis\" \/>\n<meta property=\"article:published_time\" content=\"2015-01-01T12:15:43+00:00\" \/>\n<meta property=\"article:modified_time\" content=\"2025-05-05T10:16:24+00:00\" \/>\n<meta property=\"og:image\" content=\"https:\/\/www.analisisgerencial.cat\/wp-content\/uploads\/2015\/10\/documento_icono.png\" \/>\n\t<meta property=\"og:image:width\" content=\"66\" \/>\n\t<meta property=\"og:image:height\" content=\"66\" \/>\n\t<meta property=\"og:image:type\" content=\"image\/png\" \/>\n<meta name=\"author\" content=\"admin\" \/>\n<meta name=\"twitter:card\" content=\"summary_large_image\" \/>\n<meta name=\"twitter:label1\" content=\"Escrito por\" \/>\n\t<meta name=\"twitter:data1\" content=\"admin\" \/>\n<script type=\"application\/ld+json\" class=\"yoast-schema-graph\">{\"@context\":\"https:\\\/\\\/schema.org\",\"@graph\":[{\"@type\":\"Article\",\"@id\":\"https:\\\/\\\/www.analisisgerencial.cat\\\/es\\\/reforma-fiscal-2015\\\/#article\",\"isPartOf\":{\"@id\":\"https:\\\/\\\/www.analisisgerencial.cat\\\/es\\\/reforma-fiscal-2015\\\/\"},\"author\":{\"name\":\"admin\",\"@id\":\"https:\\\/\\\/www.analisisgerencial.cat\\\/es\\\/#\\\/schema\\\/person\\\/7c5dd05dac6fdfaa55c0d04171805af6\"},\"headline\":\"REFORMA FISCAL 2015\",\"datePublished\":\"2015-01-01T12:15:43+00:00\",\"dateModified\":\"2025-05-05T10:16:24+00:00\",\"mainEntityOfPage\":{\"@id\":\"https:\\\/\\\/www.analisisgerencial.cat\\\/es\\\/reforma-fiscal-2015\\\/\"},\"wordCount\":85,\"publisher\":{\"@id\":\"https:\\\/\\\/www.analisisgerencial.cat\\\/es\\\/#organization\"},\"image\":{\"@id\":\"https:\\\/\\\/www.analisisgerencial.cat\\\/es\\\/reforma-fiscal-2015\\\/#primaryimage\"},\"thumbnailUrl\":\"https:\\\/\\\/www.analisisgerencial.cat\\\/wp-content\\\/uploads\\\/2016\\\/09\\\/PDF_logo-66x66-1.png\",\"articleSection\":[\"AGS Servicio\"],\"inLanguage\":\"es\"},{\"@type\":\"WebPage\",\"@id\":\"https:\\\/\\\/www.analisisgerencial.cat\\\/es\\\/reforma-fiscal-2015\\\/\",\"url\":\"https:\\\/\\\/www.analisisgerencial.cat\\\/es\\\/reforma-fiscal-2015\\\/\",\"name\":\"REFORMA FISCAL 2015 &#8212; An\u00e0lisis Gerencial i de Serveis\",\"isPartOf\":{\"@id\":\"https:\\\/\\\/www.analisisgerencial.cat\\\/es\\\/#website\"},\"primaryImageOfPage\":{\"@id\":\"https:\\\/\\\/www.analisisgerencial.cat\\\/es\\\/reforma-fiscal-2015\\\/#primaryimage\"},\"image\":{\"@id\":\"https:\\\/\\\/www.analisisgerencial.cat\\\/es\\\/reforma-fiscal-2015\\\/#primaryimage\"},\"thumbnailUrl\":\"https:\\\/\\\/www.analisisgerencial.cat\\\/wp-content\\\/uploads\\\/2016\\\/09\\\/PDF_logo-66x66-1.png\",\"datePublished\":\"2015-01-01T12:15:43+00:00\",\"dateModified\":\"2025-05-05T10:16:24+00:00\",\"breadcrumb\":{\"@id\":\"https:\\\/\\\/www.analisisgerencial.cat\\\/es\\\/reforma-fiscal-2015\\\/#breadcrumb\"},\"inLanguage\":\"es\",\"potentialAction\":[{\"@type\":\"ReadAction\",\"target\":[\"https:\\\/\\\/www.analisisgerencial.cat\\\/es\\\/reforma-fiscal-2015\\\/\"]}]},{\"@type\":\"ImageObject\",\"inLanguage\":\"es\",\"@id\":\"https:\\\/\\\/www.analisisgerencial.cat\\\/es\\\/reforma-fiscal-2015\\\/#primaryimage\",\"url\":\"https:\\\/\\\/www.analisisgerencial.cat\\\/wp-content\\\/uploads\\\/2016\\\/09\\\/PDF_logo-66x66-1.png\",\"contentUrl\":\"https:\\\/\\\/www.analisisgerencial.cat\\\/wp-content\\\/uploads\\\/2016\\\/09\\\/PDF_logo-66x66-1.png\"},{\"@type\":\"BreadcrumbList\",\"@id\":\"https:\\\/\\\/www.analisisgerencial.cat\\\/es\\\/reforma-fiscal-2015\\\/#breadcrumb\",\"itemListElement\":[{\"@type\":\"ListItem\",\"position\":1,\"name\":\"Inici\",\"item\":\"https:\\\/\\\/www.analisisgerencial.cat\\\/es\\\/home\\\/\"},{\"@type\":\"ListItem\",\"position\":2,\"name\":\"REFORMA FISCAL 2015\"}]},{\"@type\":\"WebSite\",\"@id\":\"https:\\\/\\\/www.analisisgerencial.cat\\\/es\\\/#website\",\"url\":\"https:\\\/\\\/www.analisisgerencial.cat\\\/es\\\/\",\"name\":\"An\u00e1lisis Gerencial\",\"description\":\"Assessoria Fiscal, Laboral i Comptable\",\"publisher\":{\"@id\":\"https:\\\/\\\/www.analisisgerencial.cat\\\/es\\\/#organization\"},\"alternateName\":\"AGS Servei\",\"potentialAction\":[{\"@type\":\"SearchAction\",\"target\":{\"@type\":\"EntryPoint\",\"urlTemplate\":\"https:\\\/\\\/www.analisisgerencial.cat\\\/es\\\/?s={search_term_string}\"},\"query-input\":{\"@type\":\"PropertyValueSpecification\",\"valueRequired\":true,\"valueName\":\"search_term_string\"}}],\"inLanguage\":\"es\"},{\"@type\":\"Organization\",\"@id\":\"https:\\\/\\\/www.analisisgerencial.cat\\\/es\\\/#organization\",\"name\":\"An\u00e1lisis Gerencial\",\"alternateName\":\"AGS Servei\",\"url\":\"https:\\\/\\\/www.analisisgerencial.cat\\\/es\\\/\",\"logo\":{\"@type\":\"ImageObject\",\"inLanguage\":\"es\",\"@id\":\"https:\\\/\\\/www.analisisgerencial.cat\\\/es\\\/#\\\/schema\\\/logo\\\/image\\\/\",\"url\":\"https:\\\/\\\/www.analisisgerencial.cat\\\/wp-content\\\/uploads\\\/2023\\\/12\\\/Logo-AGS.png\",\"contentUrl\":\"https:\\\/\\\/www.analisisgerencial.cat\\\/wp-content\\\/uploads\\\/2023\\\/12\\\/Logo-AGS.png\",\"width\":1575,\"height\":531,\"caption\":\"An\u00e1lisis Gerencial\"},\"image\":{\"@id\":\"https:\\\/\\\/www.analisisgerencial.cat\\\/es\\\/#\\\/schema\\\/logo\\\/image\\\/\"}},{\"@type\":\"Person\",\"@id\":\"https:\\\/\\\/www.analisisgerencial.cat\\\/es\\\/#\\\/schema\\\/person\\\/7c5dd05dac6fdfaa55c0d04171805af6\",\"name\":\"admin\",\"image\":{\"@type\":\"ImageObject\",\"inLanguage\":\"es\",\"@id\":\"https:\\\/\\\/secure.gravatar.com\\\/avatar\\\/199378a53d8fd332facfa626e26765b3f6735a75e9c056e80bd62b6a88afc8ce?s=96&d=mm&r=g\",\"url\":\"https:\\\/\\\/secure.gravatar.com\\\/avatar\\\/199378a53d8fd332facfa626e26765b3f6735a75e9c056e80bd62b6a88afc8ce?s=96&d=mm&r=g\",\"contentUrl\":\"https:\\\/\\\/secure.gravatar.com\\\/avatar\\\/199378a53d8fd332facfa626e26765b3f6735a75e9c056e80bd62b6a88afc8ce?s=96&d=mm&r=g\",\"caption\":\"admin\"},\"sameAs\":[\"https:\\\/\\\/www.analisisgerencial.cat\"]}]}<\/script>\n<!-- \/ Yoast SEO plugin. -->","yoast_head_json":{"title":"REFORMA FISCAL 2015 &#8212; An\u00e0lisis Gerencial i de Serveis","robots":{"index":"index","follow":"follow","max-snippet":"max-snippet:-1","max-image-preview":"max-image-preview:large","max-video-preview":"max-video-preview:-1"},"canonical":"https:\/\/www.analisisgerencial.cat\/es\/reforma-fiscal-2015\/","og_locale":"es_ES","og_type":"article","og_title":"REFORMA FISCAL 2015 &#8212; An\u00e0lisis Gerencial i de Serveis","og_description":"Reforma Fiscal 2015 Han sido muchas las modificaciones que ha publicado recientemente el Gobierno en materia Fiscal (BOE 28-11-2014), y que afectan principalmente a la Ley del IRPF, a la Ley del Impuesto de Sociedades y a la Ley del IVA. A modo de resumen, detallamos aquellas que entendemos pueden afectar m\u00e1s directamente al colectivo [&hellip;]","og_url":"https:\/\/www.analisisgerencial.cat\/es\/reforma-fiscal-2015\/","og_site_name":"An\u00e0lisis Gerencial i de Serveis","article_published_time":"2015-01-01T12:15:43+00:00","article_modified_time":"2025-05-05T10:16:24+00:00","og_image":[{"width":66,"height":66,"url":"https:\/\/www.analisisgerencial.cat\/wp-content\/uploads\/2015\/10\/documento_icono.png","type":"image\/png"}],"author":"admin","twitter_card":"summary_large_image","twitter_misc":{"Escrito por":"admin"},"schema":{"@context":"https:\/\/schema.org","@graph":[{"@type":"Article","@id":"https:\/\/www.analisisgerencial.cat\/es\/reforma-fiscal-2015\/#article","isPartOf":{"@id":"https:\/\/www.analisisgerencial.cat\/es\/reforma-fiscal-2015\/"},"author":{"name":"admin","@id":"https:\/\/www.analisisgerencial.cat\/es\/#\/schema\/person\/7c5dd05dac6fdfaa55c0d04171805af6"},"headline":"REFORMA FISCAL 2015","datePublished":"2015-01-01T12:15:43+00:00","dateModified":"2025-05-05T10:16:24+00:00","mainEntityOfPage":{"@id":"https:\/\/www.analisisgerencial.cat\/es\/reforma-fiscal-2015\/"},"wordCount":85,"publisher":{"@id":"https:\/\/www.analisisgerencial.cat\/es\/#organization"},"image":{"@id":"https:\/\/www.analisisgerencial.cat\/es\/reforma-fiscal-2015\/#primaryimage"},"thumbnailUrl":"https:\/\/www.analisisgerencial.cat\/wp-content\/uploads\/2016\/09\/PDF_logo-66x66-1.png","articleSection":["AGS Servicio"],"inLanguage":"es"},{"@type":"WebPage","@id":"https:\/\/www.analisisgerencial.cat\/es\/reforma-fiscal-2015\/","url":"https:\/\/www.analisisgerencial.cat\/es\/reforma-fiscal-2015\/","name":"REFORMA FISCAL 2015 &#8212; An\u00e0lisis Gerencial i de Serveis","isPartOf":{"@id":"https:\/\/www.analisisgerencial.cat\/es\/#website"},"primaryImageOfPage":{"@id":"https:\/\/www.analisisgerencial.cat\/es\/reforma-fiscal-2015\/#primaryimage"},"image":{"@id":"https:\/\/www.analisisgerencial.cat\/es\/reforma-fiscal-2015\/#primaryimage"},"thumbnailUrl":"https:\/\/www.analisisgerencial.cat\/wp-content\/uploads\/2016\/09\/PDF_logo-66x66-1.png","datePublished":"2015-01-01T12:15:43+00:00","dateModified":"2025-05-05T10:16:24+00:00","breadcrumb":{"@id":"https:\/\/www.analisisgerencial.cat\/es\/reforma-fiscal-2015\/#breadcrumb"},"inLanguage":"es","potentialAction":[{"@type":"ReadAction","target":["https:\/\/www.analisisgerencial.cat\/es\/reforma-fiscal-2015\/"]}]},{"@type":"ImageObject","inLanguage":"es","@id":"https:\/\/www.analisisgerencial.cat\/es\/reforma-fiscal-2015\/#primaryimage","url":"https:\/\/www.analisisgerencial.cat\/wp-content\/uploads\/2016\/09\/PDF_logo-66x66-1.png","contentUrl":"https:\/\/www.analisisgerencial.cat\/wp-content\/uploads\/2016\/09\/PDF_logo-66x66-1.png"},{"@type":"BreadcrumbList","@id":"https:\/\/www.analisisgerencial.cat\/es\/reforma-fiscal-2015\/#breadcrumb","itemListElement":[{"@type":"ListItem","position":1,"name":"Inici","item":"https:\/\/www.analisisgerencial.cat\/es\/home\/"},{"@type":"ListItem","position":2,"name":"REFORMA FISCAL 2015"}]},{"@type":"WebSite","@id":"https:\/\/www.analisisgerencial.cat\/es\/#website","url":"https:\/\/www.analisisgerencial.cat\/es\/","name":"An\u00e1lisis Gerencial","description":"Assessoria Fiscal, Laboral i Comptable","publisher":{"@id":"https:\/\/www.analisisgerencial.cat\/es\/#organization"},"alternateName":"AGS Servei","potentialAction":[{"@type":"SearchAction","target":{"@type":"EntryPoint","urlTemplate":"https:\/\/www.analisisgerencial.cat\/es\/?s={search_term_string}"},"query-input":{"@type":"PropertyValueSpecification","valueRequired":true,"valueName":"search_term_string"}}],"inLanguage":"es"},{"@type":"Organization","@id":"https:\/\/www.analisisgerencial.cat\/es\/#organization","name":"An\u00e1lisis Gerencial","alternateName":"AGS Servei","url":"https:\/\/www.analisisgerencial.cat\/es\/","logo":{"@type":"ImageObject","inLanguage":"es","@id":"https:\/\/www.analisisgerencial.cat\/es\/#\/schema\/logo\/image\/","url":"https:\/\/www.analisisgerencial.cat\/wp-content\/uploads\/2023\/12\/Logo-AGS.png","contentUrl":"https:\/\/www.analisisgerencial.cat\/wp-content\/uploads\/2023\/12\/Logo-AGS.png","width":1575,"height":531,"caption":"An\u00e1lisis Gerencial"},"image":{"@id":"https:\/\/www.analisisgerencial.cat\/es\/#\/schema\/logo\/image\/"}},{"@type":"Person","@id":"https:\/\/www.analisisgerencial.cat\/es\/#\/schema\/person\/7c5dd05dac6fdfaa55c0d04171805af6","name":"admin","image":{"@type":"ImageObject","inLanguage":"es","@id":"https:\/\/secure.gravatar.com\/avatar\/199378a53d8fd332facfa626e26765b3f6735a75e9c056e80bd62b6a88afc8ce?s=96&d=mm&r=g","url":"https:\/\/secure.gravatar.com\/avatar\/199378a53d8fd332facfa626e26765b3f6735a75e9c056e80bd62b6a88afc8ce?s=96&d=mm&r=g","contentUrl":"https:\/\/secure.gravatar.com\/avatar\/199378a53d8fd332facfa626e26765b3f6735a75e9c056e80bd62b6a88afc8ce?s=96&d=mm&r=g","caption":"admin"},"sameAs":["https:\/\/www.analisisgerencial.cat"]}]}},"_links":{"self":[{"href":"https:\/\/www.analisisgerencial.cat\/es\/wp-json\/wp\/v2\/posts\/2850","targetHints":{"allow":["GET"]}}],"collection":[{"href":"https:\/\/www.analisisgerencial.cat\/es\/wp-json\/wp\/v2\/posts"}],"about":[{"href":"https:\/\/www.analisisgerencial.cat\/es\/wp-json\/wp\/v2\/types\/post"}],"author":[{"embeddable":true,"href":"https:\/\/www.analisisgerencial.cat\/es\/wp-json\/wp\/v2\/users\/1"}],"replies":[{"embeddable":true,"href":"https:\/\/www.analisisgerencial.cat\/es\/wp-json\/wp\/v2\/comments?post=2850"}],"version-history":[{"count":0,"href":"https:\/\/www.analisisgerencial.cat\/es\/wp-json\/wp\/v2\/posts\/2850\/revisions"}],"wp:attachment":[{"href":"https:\/\/www.analisisgerencial.cat\/es\/wp-json\/wp\/v2\/media?parent=2850"}],"wp:term":[{"taxonomy":"category","embeddable":true,"href":"https:\/\/www.analisisgerencial.cat\/es\/wp-json\/wp\/v2\/categories?post=2850"},{"taxonomy":"post_tag","embeddable":true,"href":"https:\/\/www.analisisgerencial.cat\/es\/wp-json\/wp\/v2\/tags?post=2850"}],"curies":[{"name":"wp","href":"https:\/\/api.w.org\/{rel}","templated":true}]}}